 {"id":95638,"date":"2026-09-01T11:50:19","date_gmt":"2026-09-01T09:50:19","guid":{"rendered":"https:\/\/www.prixdelausanne.org\/?p=95638"},"modified":"2026-09-01T12:03:14","modified_gmt":"2026-09-01T10:03:14","slug":"2027-posters","status":"publish","type":"post","link":"https:\/\/www.prixdelausanne.org\/fr\/2027-posters\/","title":{"rendered":"D\u00e9voilement des affiches 2027"},"content":{"rendered":"<div class=\"the-content\"><p>Nous sommes fiers de d\u00e9voiler les affiches du Prix de Lausanne 2027, cr\u00e9\u00e9es par Alain Kissing (<a href=\"https:\/\/atelierk.org\/\" target=\"_blank\" rel=\"noopener external noreferrer nofollow\" data-wpel-link=\"external\">atelier k<\/a>), avec des photographies sign\u00e9es par notre photographe officiel, <a href=\"https:\/\/www.instagram.com\/rbuas\/\" data-wpel-link=\"external\" target=\"_blank\" rel=\"nofollow external noopener noreferrer\">Rodrigo Buas<\/a>. Fid\u00e8les \u00e0 la tradition, ces affiches mettent \u00e0 l\u2019honneur l&#8217;un ou l&#8217;une des Laur\u00e9ats et Laur\u00e9ates de l\u2019\u00e9dition pr\u00e9c\u00e9dente. Nous sommes ravis de d\u00e9voiler les affiches 2027 avec :<\/p>\n<ul>\n<li data-start=\"431\" data-end=\"629\"><a href=\"https:\/\/www.prixdelausanne.org\/fr\/prize-winners\/hanxi-wang\/\" data-wpel-link=\"internal\"><strong data-start=\"431\" data-end=\"445\">Pietra Rego de Souza<\/strong><\/a>, Laur\u00e9ate du Prix de Lausanne 2026 (Br\u00e9sil), form\u00e9e \u00e0 la Espaco Etoiles de la Danse. Elle rejoindra le <strong>Royal Ballet School<\/strong>\u00a0gr\u00e2ce \u00e0 la bourse qui lui a \u00e9t\u00e9 attribu\u00e9e par le concours.<\/li>\n<\/ul>\n<p>Les inscriptions pour le <strong data-start=\"878\" data-end=\"895\">concours 2027<\/strong> ouvriront le <strong data-start=\"909\" data-end=\"931\">1er septembre 2026<\/strong>. Vous trouverez toutes les informations d\u00e9taill\u00e9es sur la proc\u00e9dure d\u2019inscription sur <a href=\"https:\/\/www.prixdelausanne.org\/fr\/informations\/\" data-wpel-link=\"internal\">notre site internet<\/a>.<\/p>\n<p><img decoding=\"async\" class=\"wp-image-95665 aligncenter\" src=\"https:\/\/www.prixdelausanne.org\/wp-content\/uploads\/2026\/08\/pl-affiche-2027-classique-reseauxsociaux-210x300.png\" alt=\"\" width=\"364\" height=\"520\" srcset=\"https:\/\/www.prixdelausanne.org\/wp-content\/uploads\/2026\/08\/pl-affiche-2027-classique-reseauxsociaux-210x300.png 210w, https:\/\/www.prixdelausanne.org\/wp-content\/uploads\/2026\/08\/pl-affiche-2027-classique-reseauxsociaux-716x1024.png 716w, https:\/\/www.prixdelausanne.org\/wp-content\/uploads\/2026\/08\/pl-affiche-2027-classique-reseauxsociaux-800x1144.png 800w, https:\/\/www.prixdelausanne.org\/wp-content\/uploads\/2026\/08\/pl-affiche-2027-classique-reseauxsociaux-895x1280.png 895w, https:\/\/www.prixdelausanne.org\/wp-content\/uploads\/2026\/08\/pl-affiche-2027-classique-reseauxsociaux.png 964w\" sizes=\"(max-width: 364px) 100vw, 364px\" loading=\"lazy\" \/>\u00a0 \u00a0 \u00a0 \u00a0 \u00a0<img decoding=\"async\" class=\"wp-image-95668 aligncenter\" src=\"https:\/\/www.prixdelausanne.org\/wp-content\/uploads\/2026\/08\/pl-affiche-2027-contemporain-reseaux-sociaux-1-210x300.png\" alt=\"\" width=\"363\" height=\"519\" srcset=\"https:\/\/www.prixdelausanne.org\/wp-content\/uploads\/2026\/08\/pl-affiche-2027-contemporain-reseaux-sociaux-1-210x300.png 210w, https:\/\/www.prixdelausanne.org\/wp-content\/uploads\/2026\/08\/pl-affiche-2027-contemporain-reseaux-sociaux-1-716x1024.png 716w, https:\/\/www.prixdelausanne.org\/wp-content\/uploads\/2026\/08\/pl-affiche-2027-contemporain-reseaux-sociaux-1-800x1144.png 800w, https:\/\/www.prixdelausanne.org\/wp-content\/uploads\/2026\/08\/pl-affiche-2027-contemporain-reseaux-sociaux-1-895x1280.png 895w, https:\/\/www.prixdelausanne.org\/wp-content\/uploads\/2026\/08\/pl-affiche-2027-contemporain-reseaux-sociaux-1.png 964w\" sizes=\"(max-width: 363px) 100vw, 363px\" loading=\"lazy\" \/><\/p>\n<p>&nbsp;<\/p>\n<\/div>","protected":false},"excerpt":{"rendered":"<p>Nous sommes fiers de d\u00e9voiler les affiches du Prix de Lausanne 2027, cr\u00e9\u00e9es par Alain Kissing (atelier k), avec des photographies sign\u00e9es par notre photographe officiel, Rodrigo Buas. Fid\u00e8les \u00e0 la tradition, ces affiches mettent \u00e0 l\u2019honneur l&#8217;un ou l&#8217;une des Laur\u00e9ats et Laur\u00e9ates de l\u2019\u00e9dition pr\u00e9c\u00e9dente. Nous sommes ravis de d\u00e9voiler les affiches 2027 [&hellip;]<\/p>\n","protected":false},"author":7508,"featured_media":74886,"comment_status":"closed","ping_status":"closed","sticky":false,"template":"","format":"standard","meta":{"_acf_changed":false,"_monsterinsights_skip_tracking":false,"footnotes":""},"categories":[68,133,307],"tags":[],"class_list":["post-95638","post","type-post","status-publish","format-standard","has-post-thumbnail","hentry","category-evenement","category-laureats","category-prix-de-lausanne-2027"],"acf":[],"_links":{"self":[{"href":"https:\/\/www.prixdelausanne.org\/fr\/wp-json\/wp\/v2\/posts\/95638","targetHints":{"allow":["GET"]}}],"collection":[{"href":"https:\/\/www.prixdelausanne.org\/fr\/wp-json\/wp\/v2\/posts"}],"about":[{"href":"https:\/\/www.prixdelausanne.org\/fr\/wp-json\/wp\/v2\/types\/post"}],"author":[{"embeddable":true,"href":"https:\/\/www.prixdelausanne.org\/fr\/wp-json\/wp\/v2\/users\/7508"}],"replies":[{"embeddable":true,"href":"https:\/\/www.prixdelausanne.org\/fr\/wp-json\/wp\/v2\/comments?post=95638"}],"version-history":[{"count":0,"href":"https:\/\/www.prixdelausanne.org\/fr\/wp-json\/wp\/v2\/posts\/95638\/revisions"}],"wp:featuredmedia":[{"embeddable":true,"href":"https:\/\/www.prixdelausanne.org\/fr\/wp-json\/wp\/v2\/media\/74886"}],"wp:attachment":[{"href":"https:\/\/www.prixdelausanne.org\/fr\/wp-json\/wp\/v2\/media?parent=95638"}],"wp:term":[{"taxonomy":"category","embeddable":true,"href":"https:\/\/www.prixdelausanne.org\/fr\/wp-json\/wp\/v2\/categories?post=95638"},{"taxonomy":"post_tag","embeddable":true,"href":"https:\/\/www.prixdelausanne.org\/fr\/wp-json\/wp\/v2\/tags?post=95638"}],"curies":[{"name":"wp","href":"https:\/\/api.w.org\/{rel}","templated":true}]}}