 {"id":7334,"date":"2014-01-08T04:56:00","date_gmt":"2014-01-08T03:56:00","guid":{"rendered":"http:\/\/www.prixdelausanne.org\/presenting-our-2014-jury-kay-mazzo-president-2\/"},"modified":"2022-08-24T11:51:22","modified_gmt":"2022-08-24T09:51:22","slug":"presenting-our-2014-jury-kay-mazzo-president","status":"publish","type":"post","link":"https:\/\/www.prixdelausanne.org\/fr\/presenting-our-2014-jury-kay-mazzo-president\/","title":{"rendered":"Presenting our 2014 Jury: Kay Mazzo, president"},"content":{"rendered":"<div class=\"the-content\"><p align=\"justify\">The jury of the Prix de Lausanne is composed of nine renowned personalities of the dance world.<\/p>\n<p align=\"justify\">The Prix de Lausanne is delighted to be able to provide the young dancers of the competition with a prestigious panel of dance professionals and wishes to take this opportunity to thank them for their time and expertise. Their voluntary work is extremely appreciated.<\/p>\n<p align=\"justify\">During the following weeks, we are going to present each member of the 2014 Prix de Lausanne Jury. Today, we are happy to start with the president!<\/p>\n<p align=\"justify\"><strong>Kay Mazzo, president of the 2014 Jury <\/strong><\/p>\n<p align=\"justify\">Kay Mazzo was born in Chicago, where she received early training before entering the Summer Course of the School of American Ballet at age 12. She subsequently enrolled as a full time student in SAB\u2019s advanced division in 1959.<\/p>\n<p>Following performances with Jerome Robbins\u2019 Ballets U.S.A., Ms. Mazzo became a member of the New York City Ballet in 1961 and was promoted to principal dancer in 1968. Among those ballets in which Ms. Mazzo originated principal roles are George Balanchine\u2019s STRAVINSKY VIOLIN CONCERTO, DUO CONCERTANT, SCHERZO A LA RUSSE, UNION JACK, VIENNA WALTZES, TSCHAIKOVSKY SUITE NO. 3, and ROBERT SCHUMANN\u2019S DAVIDSBUNDLERTANZE; and Jerome Robbins\u2019s DANCES AT A GATHERING and IN THE NIGHT. Over the course of her nearly twenty-year career, she danced virtually every role in the repertory. Her partners included Jacques d\u2019Amboise, Peter Martins, Edward Villella, Mikhail Baryshnikov, and Sean Lavery.<\/p>\n<p>In 1983, Ms. Mazzo joined the faculty of SAB, serving as a coordinator of curriculum between 1993 and 1997. She was appointed Co-Chairman of Faculty in October 1997. She currently teaches intermediate and advanced classes and, with Chairman of Faculty Peter Martins, oversees all aspects of the training of SAB\u2019s 440 Winter Term students and 200 Summer Course students. She is a founding trustee of The George Balanchine Trust.<\/p>\n<p align=\"justify\"><strong>\u00a0Kay Mazzo, pr\u00e9sidente du jury 2014<\/strong><\/p>\n<p align=\"justify\">Kay Mazzo est n\u00e9e \u00e0 Chicago, o\u00f9 elle a re\u00e7u sa formation initiale avant de participer au cours d\u2019\u00e9t\u00e9 de la School of American Ballet \u00e0 12 ans et de rejoindre la division avanc\u00e9e en 1959.<\/p>\n<p align=\"justify\">Apr\u00e8s avoir dans\u00e9 avec la compagnie de ballet de Jer\u00f4me Robbins aux USA, Kay Mazzo est entr\u00e9e au New York City Ballet en 1961 et a \u00e9t\u00e9 promue Etoile en 1968. Au cours de sa carri\u00e8re de pr\u00e8s de vingt ans, elle a dans\u00e9 pratiquement tous les r\u00f4les du r\u00e9pertoire et parmi ses partenaires figurent Jacques d\u2019Amboise, Peter Martins, Edward Villella, Mikhail Baryshnikov, et Sean Lavery.<br \/>\nEn 1983, Kay Mazzo a rejoint la facult\u00e9 de SAB en tant que coordinatrice du programme et, en 1997, a \u00e9t\u00e9 nomm\u00e9e co-pr\u00e9sidente de la facult\u00e9. Elle est \u00e9galement membre fondatrice du George Balanchine Trust.<\/p>\n<div style=\"width: 389px\" class=\"wp-caption alignnone\"><img decoding=\"async\" src=\"https:\/\/31.media.tumblr.com\/fca381f086e067a5b67c40055df7ce80\/tumblr_inline_mxyee2VV3m1revty4.png\" alt=\"image\" width=\"379\" height=\"500\" loading=\"lazy\" \/><p class=\"wp-caption-text\">Kay Mazzo | Ph. (c) Rosalie O\u2019Connor<\/p><\/div>\n<p>&nbsp;<\/p>\n<p>&nbsp;<\/p>\n<\/div>","protected":false},"excerpt":{"rendered":"<p>The jury of the Prix de Lausanne is composed of nine renowned personalities of the dance world. The Prix de Lausanne is delighted to be able to provide the young dancers of the competition with a prestigious panel of dance professionals and wishes to take this opportunity to thank them for their time and expertise. [&hellip;]<\/p>\n","protected":false},"author":7512,"featured_media":46182,"comment_status":"closed","ping_status":"closed","sticky":false,"template":"","format":"standard","meta":{"_acf_changed":false,"_monsterinsights_skip_tracking":false,"_monsterinsights_sitenote_active":false,"_monsterinsights_sitenote_note":"","_monsterinsights_sitenote_category":0,"footnotes":""},"categories":[126],"tags":[],"class_list":["post-7334","post","type-post","status-publish","format-standard","has-post-thumbnail","hentry","category-jury-fr"],"acf":[],"_links":{"self":[{"href":"https:\/\/www.prixdelausanne.org\/fr\/wp-json\/wp\/v2\/posts\/7334","targetHints":{"allow":["GET"]}}],"collection":[{"href":"https:\/\/www.prixdelausanne.org\/fr\/wp-json\/wp\/v2\/posts"}],"about":[{"href":"https:\/\/www.prixdelausanne.org\/fr\/wp-json\/wp\/v2\/types\/post"}],"author":[{"embeddable":true,"href":"https:\/\/www.prixdelausanne.org\/fr\/wp-json\/wp\/v2\/users\/7512"}],"replies":[{"embeddable":true,"href":"https:\/\/www.prixdelausanne.org\/fr\/wp-json\/wp\/v2\/comments?post=7334"}],"version-history":[{"count":0,"href":"https:\/\/www.prixdelausanne.org\/fr\/wp-json\/wp\/v2\/posts\/7334\/revisions"}],"wp:featuredmedia":[{"embeddable":true,"href":"https:\/\/www.prixdelausanne.org\/fr\/wp-json\/wp\/v2\/media\/46182"}],"wp:attachment":[{"href":"https:\/\/www.prixdelausanne.org\/fr\/wp-json\/wp\/v2\/media?parent=7334"}],"wp:term":[{"taxonomy":"category","embeddable":true,"href":"https:\/\/www.prixdelausanne.org\/fr\/wp-json\/wp\/v2\/categories?post=7334"},{"taxonomy":"post_tag","embeddable":true,"href":"https:\/\/www.prixdelausanne.org\/fr\/wp-json\/wp\/v2\/tags?post=7334"}],"curies":[{"name":"wp","href":"https:\/\/api.w.org\/{rel}","templated":true}]}}