 {"id":66334,"date":"2024-12-05T11:00:54","date_gmt":"2024-12-05T10:00:54","guid":{"rendered":"https:\/\/www.prixdelausanne.org\/?p=66334"},"modified":"2024-12-10T12:40:06","modified_gmt":"2024-12-10T11:40:06","slug":"lifetime-achievement-award-2025","status":"publish","type":"post","link":"https:\/\/www.prixdelausanne.org\/fr\/lifetime-achievement-award-2025\/","title":{"rendered":"Lifetime Achievement Award 2025"},"content":{"rendered":"<div class=\"the-content\"><h3><span style=\"color: #c9ad6f;\">Pour son \u00e9dition 2025, le Prix de Lausanne a l\u2019honneur de remettre le Lifetime Achievement Award \u00e0 Li Cunxin AO, pour son extraordinaire carri\u00e8re.<br \/>\n<\/span><\/h3>\n<h4>La c\u00e9r\u00e9monie aura lieu pendant l\u2019Interm\u00e8de de la Finale, le samedi 8 f\u00e9vrier 2025. L\u2019int\u00e9gralit\u00e9 de la c\u00e9r\u00e9monie sera diffus\u00e9e en direct.<\/h4>\n<\/div>","protected":false},"excerpt":{"rendered":"<p>Pour son \u00e9dition 2025, le Prix de Lausanne a l\u2019honneur de remettre le Lifetime Achievement Award \u00e0 Li Cunxin AO, pour son extraordinaire carri\u00e8re. La c\u00e9r\u00e9monie aura lieu pendant l\u2019Interm\u00e8de de la Finale, le samedi 8 f\u00e9vrier 2025. L\u2019int\u00e9gralit\u00e9 de la c\u00e9r\u00e9monie sera diffus\u00e9e en direct.<\/p>\n","protected":false},"author":7508,"featured_media":24018,"comment_status":"closed","ping_status":"closed","sticky":false,"template":"","format":"standard","meta":{"_acf_changed":false,"_monsterinsights_skip_tracking":false,"_monsterinsights_sitenote_active":false,"_monsterinsights_sitenote_note":"","_monsterinsights_sitenote_category":0,"footnotes":""},"categories":[68,221,289,295],"tags":[],"class_list":["post-66334","post","type-post","status-publish","format-standard","has-post-thumbnail","hentry","category-evenement","category-le-monde-de-la-danse","category-lifetime-achievement-award","category-prix-de-lausanne-2025-2"],"acf":[],"_links":{"self":[{"href":"https:\/\/www.prixdelausanne.org\/fr\/wp-json\/wp\/v2\/posts\/66334","targetHints":{"allow":["GET"]}}],"collection":[{"href":"https:\/\/www.prixdelausanne.org\/fr\/wp-json\/wp\/v2\/posts"}],"about":[{"href":"https:\/\/www.prixdelausanne.org\/fr\/wp-json\/wp\/v2\/types\/post"}],"author":[{"embeddable":true,"href":"https:\/\/www.prixdelausanne.org\/fr\/wp-json\/wp\/v2\/users\/7508"}],"replies":[{"embeddable":true,"href":"https:\/\/www.prixdelausanne.org\/fr\/wp-json\/wp\/v2\/comments?post=66334"}],"version-history":[{"count":0,"href":"https:\/\/www.prixdelausanne.org\/fr\/wp-json\/wp\/v2\/posts\/66334\/revisions"}],"wp:featuredmedia":[{"embeddable":true,"href":"https:\/\/www.prixdelausanne.org\/fr\/wp-json\/wp\/v2\/media\/24018"}],"wp:attachment":[{"href":"https:\/\/www.prixdelausanne.org\/fr\/wp-json\/wp\/v2\/media?parent=66334"}],"wp:term":[{"taxonomy":"category","embeddable":true,"href":"https:\/\/www.prixdelausanne.org\/fr\/wp-json\/wp\/v2\/categories?post=66334"},{"taxonomy":"post_tag","embeddable":true,"href":"https:\/\/www.prixdelausanne.org\/fr\/wp-json\/wp\/v2\/tags?post=66334"}],"curies":[{"name":"wp","href":"https:\/\/api.w.org\/{rel}","templated":true}]}}