 {"id":64596,"date":"2024-08-29T15:23:10","date_gmt":"2024-08-29T13:23:10","guid":{"rendered":"https:\/\/www.prixdelausanne.org\/?p=64596"},"modified":"2024-09-25T11:47:31","modified_gmt":"2024-09-25T09:47:31","slug":"devoilement-des-affiches-2025","status":"publish","type":"post","link":"https:\/\/www.prixdelausanne.org\/fr\/devoilement-des-affiches-2025\/","title":{"rendered":"D\u00e9voilement des affiches 2025"},"content":{"rendered":"<div class=\"the-content\"><p>Nous sommes fiers de vous pr\u00e9senter les affiches du Prix de Lausanne 2025, cr\u00e9\u00e9es par le graphiste Alain Kissling (<a href=\"https:\/\/atelierk.org\/\" target=\"_blank\" rel=\"noopener nofollow external noreferrer\" data-wpel-link=\"external\">atelier k<\/a>), avec les photos du photographe officiel du Prix de Lausanne, <a href=\"https:\/\/gregorybatardon.com\/\" target=\"_blank\" rel=\"noopener nofollow external noreferrer\" data-wpel-link=\"external\">Gregory Batardon<\/a>. Comme le veut notre tradition, les affiches mettent en avant les Laur\u00e9ats de l&#8217;\u00e9dition pr\u00e9c\u00e9dente !<\/p>\n<ul>\n<li><a href=\"https:\/\/www.prixdelausanne.org\/fr\/prize-winners\/paloma-livellara-vidart\/\" target=\"_blank\" rel=\"noopener\" data-wpel-link=\"internal\">Paloma Livellara Vidart<\/a>, Laur\u00e9ate du Prix de Lausanne 2024 (Argentine), de l&#8217;Acad\u00e9mie Princesse Grace, Monaco.<\/li>\n<li><a href=\"https:\/\/www.prixdelausanne.org\/fr\/prize-winners\/joao-pedro-dos-santos-silva\/\" target=\"_blank\" rel=\"noopener\" data-wpel-link=\"internal\">Jo\u00e3o Pedro dos Santos Silva<\/a>, Premier Laur\u00e9at du Prix de Lausanne 2024 (Br\u00e9sil), de la Cia Jovem do Teatro Escola Basileu Fran\u00e7a, Br\u00e9sil.<\/li>\n<\/ul>\n<p>Les inscriptions pour le concours 2025 d\u00e9butent le 1er septembre 2024. Toutes les informations d\u00e9taill\u00e9es sur le processus d&#8217;inscription sont disponibles sur notre site internet.<\/p>\n<p><img decoding=\"async\" class=\"aligncenter wp-image-64588 size-full\" src=\"https:\/\/www.prixdelausanne.org\/wp-content\/uploads\/2024\/08\/prix-de-lausanne-2025-affiches.png\" alt=\"\" width=\"1755\" height=\"2482\" srcset=\"https:\/\/www.prixdelausanne.org\/wp-content\/uploads\/2024\/08\/prix-de-lausanne-2025-affiches.png 1755w, https:\/\/www.prixdelausanne.org\/wp-content\/uploads\/2024\/08\/prix-de-lausanne-2025-affiches-212x300.png 212w, https:\/\/www.prixdelausanne.org\/wp-content\/uploads\/2024\/08\/prix-de-lausanne-2025-affiches-724x1024.png 724w, https:\/\/www.prixdelausanne.org\/wp-content\/uploads\/2024\/08\/prix-de-lausanne-2025-affiches-800x1131.png 800w, https:\/\/www.prixdelausanne.org\/wp-content\/uploads\/2024\/08\/prix-de-lausanne-2025-affiches-905x1280.png 905w, https:\/\/www.prixdelausanne.org\/wp-content\/uploads\/2024\/08\/prix-de-lausanne-2025-affiches-1086x1536.png 1086w, https:\/\/www.prixdelausanne.org\/wp-content\/uploads\/2024\/08\/prix-de-lausanne-2025-affiches-1448x2048.png 1448w\" sizes=\"(max-width: 1755px) 100vw, 1755px\" loading=\"lazy\" \/>\u00a0 \u00a0 <img decoding=\"async\" class=\"aligncenter wp-image-64586 size-full\" src=\"https:\/\/www.prixdelausanne.org\/wp-content\/uploads\/2024\/08\/prix-de-lausanne-2025-affiches-2.png\" alt=\"\" width=\"1755\" height=\"2482\" srcset=\"https:\/\/www.prixdelausanne.org\/wp-content\/uploads\/2024\/08\/prix-de-lausanne-2025-affiches-2.png 1755w, https:\/\/www.prixdelausanne.org\/wp-content\/uploads\/2024\/08\/prix-de-lausanne-2025-affiches-2-212x300.png 212w, https:\/\/www.prixdelausanne.org\/wp-content\/uploads\/2024\/08\/prix-de-lausanne-2025-affiches-2-724x1024.png 724w, https:\/\/www.prixdelausanne.org\/wp-content\/uploads\/2024\/08\/prix-de-lausanne-2025-affiches-2-800x1131.png 800w, https:\/\/www.prixdelausanne.org\/wp-content\/uploads\/2024\/08\/prix-de-lausanne-2025-affiches-2-905x1280.png 905w, https:\/\/www.prixdelausanne.org\/wp-content\/uploads\/2024\/08\/prix-de-lausanne-2025-affiches-2-1086x1536.png 1086w, https:\/\/www.prixdelausanne.org\/wp-content\/uploads\/2024\/08\/prix-de-lausanne-2025-affiches-2-1448x2048.png 1448w\" sizes=\"(max-width: 1755px) 100vw, 1755px\" loading=\"lazy\" \/><\/p>\n<p>&nbsp;<\/p>\n<\/div>","protected":false},"excerpt":{"rendered":"<p>Nous sommes fiers de vous pr\u00e9senter les affiches du Prix de Lausanne 2025, cr\u00e9\u00e9es par le graphiste Alain Kissling (atelier k), avec les photos du photographe officiel du Prix de Lausanne, Gregory Batardon. Comme le veut notre tradition, les affiches mettent en avant les Laur\u00e9ats de l&#8217;\u00e9dition pr\u00e9c\u00e9dente ! Paloma Livellara Vidart, Laur\u00e9ate du Prix [&hellip;]<\/p>\n","protected":false},"author":7508,"featured_media":64577,"comment_status":"closed","ping_status":"closed","sticky":false,"template":"","format":"standard","meta":{"_acf_changed":false,"_monsterinsights_skip_tracking":false,"_monsterinsights_sitenote_active":false,"_monsterinsights_sitenote_note":"","_monsterinsights_sitenote_category":0,"footnotes":""},"categories":[68,133,221,295],"tags":[],"class_list":["post-64596","post","type-post","status-publish","format-standard","has-post-thumbnail","hentry","category-evenement","category-laureats","category-le-monde-de-la-danse","category-prix-de-lausanne-2025-2"],"acf":[],"_links":{"self":[{"href":"https:\/\/www.prixdelausanne.org\/fr\/wp-json\/wp\/v2\/posts\/64596","targetHints":{"allow":["GET"]}}],"collection":[{"href":"https:\/\/www.prixdelausanne.org\/fr\/wp-json\/wp\/v2\/posts"}],"about":[{"href":"https:\/\/www.prixdelausanne.org\/fr\/wp-json\/wp\/v2\/types\/post"}],"author":[{"embeddable":true,"href":"https:\/\/www.prixdelausanne.org\/fr\/wp-json\/wp\/v2\/users\/7508"}],"replies":[{"embeddable":true,"href":"https:\/\/www.prixdelausanne.org\/fr\/wp-json\/wp\/v2\/comments?post=64596"}],"version-history":[{"count":0,"href":"https:\/\/www.prixdelausanne.org\/fr\/wp-json\/wp\/v2\/posts\/64596\/revisions"}],"wp:featuredmedia":[{"embeddable":true,"href":"https:\/\/www.prixdelausanne.org\/fr\/wp-json\/wp\/v2\/media\/64577"}],"wp:attachment":[{"href":"https:\/\/www.prixdelausanne.org\/fr\/wp-json\/wp\/v2\/media?parent=64596"}],"wp:term":[{"taxonomy":"category","embeddable":true,"href":"https:\/\/www.prixdelausanne.org\/fr\/wp-json\/wp\/v2\/categories?post=64596"},{"taxonomy":"post_tag","embeddable":true,"href":"https:\/\/www.prixdelausanne.org\/fr\/wp-json\/wp\/v2\/tags?post=64596"}],"curies":[{"name":"wp","href":"https:\/\/api.w.org\/{rel}","templated":true}]}}