 {"id":61801,"date":"2024-05-08T11:45:57","date_gmt":"2024-05-08T09:45:57","guid":{"rendered":"https:\/\/www.prixdelausanne.org\/?p=61801"},"modified":"2024-05-22T15:14:41","modified_gmt":"2024-05-22T13:14:41","slug":"preselections-2024","status":"publish","type":"post","link":"https:\/\/www.prixdelausanne.org\/fr\/preselections-2024\/","title":{"rendered":"Annonce d&#8217;une pr\u00e9s\u00e9lection Asie-Pacifique \u00e0 Macao"},"content":{"rendered":"<div class=\"the-content\"><h4><span style=\"color: #c9ad6f;\">Nous sommes ravis d&#8217;annoncer que le Prix de Lausanne tiendra une pr\u00e9s\u00e9lection pour la r\u00e9gion Asie-Pacifique \u00e0 Macao, du 27 au 29 septembre 2024.<\/span><\/h4>\n<p class=\"p2\">Cette initiative est rendue possible gr\u00e2ce \u00e0 notre collaboration avec <a href=\"https:\/\/www.sjmresorts.com\/en\" data-wpel-link=\"external\" target=\"_blank\" rel=\"nofollow external noopener noreferrer\">SJM Resorts, S.A.<\/a>, un acteur majeur dans le secteur des complexes de vill\u00e9giature int\u00e9gr\u00e9s et des services h\u00f4teliers de luxe \u00e0 Macao.<\/p>\n<p class=\"p2\">Cet \u00e9v\u00e9nement marque le retour du Prix de Lausanne en Asie depuis 2022 et constitue notre premi\u00e8re pr\u00e9s\u00e9lection dans l&#8217;embl\u00e9matique ville de Macao SAR, en Chine. Ce choix illustre notre volont\u00e9 de promouvoir le talent artistique et de d\u00e9velopper les opportunit\u00e9s au sein de la communaut\u00e9 internationale de la danse.<\/p>\n<p class=\"p2\">La pr\u00e9s\u00e9lection se tiendra au prestigieux <a href=\"https:\/\/www.grandlisboapalace.com\/en\" data-wpel-link=\"external\" target=\"_blank\" rel=\"nofollow external noopener noreferrer\">Grand Lisboa Palace Resort Macau<\/a>. Jusqu&#8217;\u00e0 quatre danseurs exceptionnels se verront offrir une prise en charge compl\u00e8te de tous les frais pour participer \u00e0 la comp\u00e9tition du Prix de Lausanne 2025.<\/p>\n<p><strong>Vous trouverez toutes les informations sur cette <a href=\"https:\/\/www.prixdelausanne.org\/fr\/asie-pacifiquemacao\/\" data-wpel-link=\"internal\">page<\/a>.\u00a0<\/strong><\/p>\n<p><img decoding=\"async\" class=\"alignnone wp-image-62572 size-large\" src=\"https:\/\/www.prixdelausanne.org\/wp-content\/uploads\/2024\/05\/flyers-preselectionspdf-2-724x1024.png\" alt=\"\" width=\"724\" height=\"1024\" srcset=\"https:\/\/www.prixdelausanne.org\/wp-content\/uploads\/2024\/05\/flyers-preselectionspdf-2-724x1024.png 724w, https:\/\/www.prixdelausanne.org\/wp-content\/uploads\/2024\/05\/flyers-preselectionspdf-2-212x300.png 212w, https:\/\/www.prixdelausanne.org\/wp-content\/uploads\/2024\/05\/flyers-preselectionspdf-2-800x1132.png 800w, https:\/\/www.prixdelausanne.org\/wp-content\/uploads\/2024\/05\/flyers-preselectionspdf-2-905x1280.png 905w, https:\/\/www.prixdelausanne.org\/wp-content\/uploads\/2024\/05\/flyers-preselectionspdf-2-1086x1536.png 1086w, https:\/\/www.prixdelausanne.org\/wp-content\/uploads\/2024\/05\/flyers-preselectionspdf-2-1448x2048.png 1448w, https:\/\/www.prixdelausanne.org\/wp-content\/uploads\/2024\/05\/flyers-preselectionspdf-2.png 1944w\" sizes=\"(max-width: 724px) 100vw, 724px\" loading=\"lazy\" \/><\/p>\n<\/div>","protected":false},"excerpt":{"rendered":"<p>Nous sommes ravis d&#8217;annoncer que le Prix de Lausanne tiendra une pr\u00e9s\u00e9lection pour la r\u00e9gion Asie-Pacifique \u00e0 Macao, du 27 au 29 septembre 2024. Cette initiative est rendue possible gr\u00e2ce \u00e0 notre collaboration avec SJM Resorts, S.A., un acteur majeur dans le secteur des complexes de vill\u00e9giature int\u00e9gr\u00e9s et des services h\u00f4teliers de luxe \u00e0 [&hellip;]<\/p>\n","protected":false},"author":7514,"featured_media":60231,"comment_status":"closed","ping_status":"closed","sticky":false,"template":"","format":"standard","meta":{"_acf_changed":false,"_monsterinsights_skip_tracking":false,"_monsterinsights_sitenote_active":false,"_monsterinsights_sitenote_note":"","_monsterinsights_sitenote_category":0,"footnotes":""},"categories":[68,141],"tags":[],"class_list":["post-61801","post","type-post","status-publish","format-standard","has-post-thumbnail","hentry","category-evenement","category-preselections"],"acf":[],"_links":{"self":[{"href":"https:\/\/www.prixdelausanne.org\/fr\/wp-json\/wp\/v2\/posts\/61801","targetHints":{"allow":["GET"]}}],"collection":[{"href":"https:\/\/www.prixdelausanne.org\/fr\/wp-json\/wp\/v2\/posts"}],"about":[{"href":"https:\/\/www.prixdelausanne.org\/fr\/wp-json\/wp\/v2\/types\/post"}],"author":[{"embeddable":true,"href":"https:\/\/www.prixdelausanne.org\/fr\/wp-json\/wp\/v2\/users\/7514"}],"replies":[{"embeddable":true,"href":"https:\/\/www.prixdelausanne.org\/fr\/wp-json\/wp\/v2\/comments?post=61801"}],"version-history":[{"count":0,"href":"https:\/\/www.prixdelausanne.org\/fr\/wp-json\/wp\/v2\/posts\/61801\/revisions"}],"wp:featuredmedia":[{"embeddable":true,"href":"https:\/\/www.prixdelausanne.org\/fr\/wp-json\/wp\/v2\/media\/60231"}],"wp:attachment":[{"href":"https:\/\/www.prixdelausanne.org\/fr\/wp-json\/wp\/v2\/media?parent=61801"}],"wp:term":[{"taxonomy":"category","embeddable":true,"href":"https:\/\/www.prixdelausanne.org\/fr\/wp-json\/wp\/v2\/categories?post=61801"},{"taxonomy":"post_tag","embeddable":true,"href":"https:\/\/www.prixdelausanne.org\/fr\/wp-json\/wp\/v2\/tags?post=61801"}],"curies":[{"name":"wp","href":"https:\/\/api.w.org\/{rel}","templated":true}]}}