 {"id":61799,"date":"2024-04-12T10:09:31","date_gmt":"2024-04-12T08:09:31","guid":{"rendered":"https:\/\/www.prixdelausanne.org\/?p=61799"},"modified":"2024-08-07T16:06:10","modified_gmt":"2024-08-07T14:06:10","slug":"bourse-vaudoise-swiss-workshop","status":"publish","type":"post","link":"https:\/\/www.prixdelausanne.org\/fr\/bourse-vaudoise-swiss-workshop\/","title":{"rendered":"Bourse Vaudoise de danse &#038; Swiss Workshop"},"content":{"rendered":"<div class=\"the-content\"><p>Le dimanche 5 mai 2024, de jeunes danseurs pourront participer \u00e0 deux de nos projets \u00e9ducatifs, la Bourse Vaudoise de danse et le Swiss Workshop.<\/p>\n<p>La <a href=\"https:\/\/www.prixdelausanne.org\/fr\/bourse-vaudoise\/#:~:text=La%20cinqui%C3%A8me%20Bourse%20vaudoise%20de,l&#039;accompagner%20dans%20sa%20formation.\" target=\"_blank\" rel=\"noopener\" data-wpel-link=\"internal\">Bourse Vaudoise<\/a> est un projet en collaboration avec <a href=\"https:\/\/www.retraitespopulaires.ch\/?utm_source=googleBrand&amp;utm_medium=cpc&amp;utm_campaign=GB-VD-fr-Brand_AONO-0-AQ&amp;utm_term=retraites%20populaires&amp;utm_content=Brand&amp;gad_source=1&amp;gclid=Cj0KCQjwq86wBhDiARIsAJhuphlngmQmdK6EHvDFxeVK0WnUJQ7Meq4aD8ab4j0Uoa_ZvR30GsEGFrAaAm4aEALw_wcB\" target=\"_blank\" rel=\"noopener nofollow external noreferrer\" data-wpel-link=\"external\">Retraites Populaires<\/a>, offrant un package \u00e9ducatif sur mesure \u00e0 un jeune danseur de la r\u00e9gion vaudoise, afin d&#8217;encourager les progr\u00e8s et de nourrir le talent d&#8217;un danseur local \u00e2g\u00e9 de 14 \u00e0 18 ans. La bourse est attribu\u00e9e \u00e0 un danseur s\u00e9lectionn\u00e9, apr\u00e8s une audition.<\/p>\n<p>Le <a href=\"https:\/\/www.prixdelausanne.org\/fr\/swiss-workshop-2\/\" target=\"_blank\" rel=\"noopener\" data-wpel-link=\"internal\">Swiss Workshop<\/a>, quant \u00e0 lui, est une journ\u00e9e compl\u00e8te de formation gratuite avec un professeur de renomm\u00e9e mondiale. Le but de ce projet \u00e9ducatif est d&#8217;encourager les \u00e9tudiants suisses en danse \u00e0 participer ou \u00e0 \u00eatre inspir\u00e9s \u00e0 participer aux futurs concours du Prix de Lausanne, et d&#8217;offrir une exp\u00e9rience unique.<\/p>\n<\/div>","protected":false},"excerpt":{"rendered":"<p>Le dimanche 5 mai 2024, de jeunes danseurs pourront participer \u00e0 deux de nos projets \u00e9ducatifs, la Bourse Vaudoise de danse et le Swiss Workshop. La Bourse Vaudoise est un projet en collaboration avec Retraites Populaires, offrant un package \u00e9ducatif sur mesure \u00e0 un jeune danseur de la r\u00e9gion vaudoise, afin d&#8217;encourager les progr\u00e8s et [&hellip;]<\/p>\n","protected":false},"author":7514,"featured_media":61708,"comment_status":"closed","ping_status":"closed","sticky":false,"template":"","format":"standard","meta":{"_acf_changed":false,"_monsterinsights_skip_tracking":false,"_monsterinsights_sitenote_active":false,"_monsterinsights_sitenote_note":"","_monsterinsights_sitenote_category":0,"footnotes":""},"categories":[283,68,292],"tags":[],"class_list":["post-61799","post","type-post","status-publish","format-standard","has-post-thumbnail","hentry","category-bourse-vaudoise-2","category-evenement","category-swiss-workshop-2"],"acf":[],"_links":{"self":[{"href":"https:\/\/www.prixdelausanne.org\/fr\/wp-json\/wp\/v2\/posts\/61799","targetHints":{"allow":["GET"]}}],"collection":[{"href":"https:\/\/www.prixdelausanne.org\/fr\/wp-json\/wp\/v2\/posts"}],"about":[{"href":"https:\/\/www.prixdelausanne.org\/fr\/wp-json\/wp\/v2\/types\/post"}],"author":[{"embeddable":true,"href":"https:\/\/www.prixdelausanne.org\/fr\/wp-json\/wp\/v2\/users\/7514"}],"replies":[{"embeddable":true,"href":"https:\/\/www.prixdelausanne.org\/fr\/wp-json\/wp\/v2\/comments?post=61799"}],"version-history":[{"count":0,"href":"https:\/\/www.prixdelausanne.org\/fr\/wp-json\/wp\/v2\/posts\/61799\/revisions"}],"wp:featuredmedia":[{"embeddable":true,"href":"https:\/\/www.prixdelausanne.org\/fr\/wp-json\/wp\/v2\/media\/61708"}],"wp:attachment":[{"href":"https:\/\/www.prixdelausanne.org\/fr\/wp-json\/wp\/v2\/media?parent=61799"}],"wp:term":[{"taxonomy":"category","embeddable":true,"href":"https:\/\/www.prixdelausanne.org\/fr\/wp-json\/wp\/v2\/categories?post=61799"},{"taxonomy":"post_tag","embeddable":true,"href":"https:\/\/www.prixdelausanne.org\/fr\/wp-json\/wp\/v2\/tags?post=61799"}],"curies":[{"name":"wp","href":"https:\/\/api.w.org\/{rel}","templated":true}]}}