 {"id":61716,"date":"2024-04-12T10:10:23","date_gmt":"2024-04-12T08:10:23","guid":{"rendered":"https:\/\/www.prixdelausanne.org\/?p=61716"},"modified":"2024-04-15T15:38:59","modified_gmt":"2024-04-15T13:38:59","slug":"ecoles-compagnies2024","status":"publish","type":"post","link":"https:\/\/www.prixdelausanne.org\/fr\/ecoles-compagnies2024\/","title":{"rendered":"\u00c9coles &#038; compagnies choisies par les Laur\u00e9ats 2024"},"content":{"rendered":"<div class=\"the-content\"><p><img decoding=\"async\" class=\"alignnone size-medium wp-image-62088\" src=\"https:\/\/www.prixdelausanne.org\/wp-content\/uploads\/2024\/04\/pdl2024-day6-rbuas20240203-9012web-300x200.jpg\" alt=\"\" width=\"300\" height=\"200\" srcset=\"https:\/\/www.prixdelausanne.org\/wp-content\/uploads\/2024\/04\/pdl2024-day6-rbuas20240203-9012web-300x200.jpg 300w, https:\/\/www.prixdelausanne.org\/wp-content\/uploads\/2024\/04\/pdl2024-day6-rbuas20240203-9012web-1024x682.jpg 1024w, https:\/\/www.prixdelausanne.org\/wp-content\/uploads\/2024\/04\/pdl2024-day6-rbuas20240203-9012web-800x532.jpg 800w, https:\/\/www.prixdelausanne.org\/wp-content\/uploads\/2024\/04\/pdl2024-day6-rbuas20240203-9012web-1920x1278.jpg 1920w, https:\/\/www.prixdelausanne.org\/wp-content\/uploads\/2024\/04\/pdl2024-day6-rbuas20240203-9012web-1536x1022.jpg 1536w, https:\/\/www.prixdelausanne.org\/wp-content\/uploads\/2024\/04\/pdl2024-day6-rbuas20240203-9012web-900x600.jpg 900w, https:\/\/www.prixdelausanne.org\/wp-content\/uploads\/2024\/04\/pdl2024-day6-rbuas20240203-9012web-440x293.jpg 440w, https:\/\/www.prixdelausanne.org\/wp-content\/uploads\/2024\/04\/pdl2024-day6-rbuas20240203-9012web-1200x800.jpg 1200w, https:\/\/www.prixdelausanne.org\/wp-content\/uploads\/2024\/04\/pdl2024-day6-rbuas20240203-9012web.jpg 2048w\" sizes=\"(max-width: 300px) 100vw, 300px\" loading=\"lazy\" \/><br \/>\n<sup>Photo : Gregory Batardon<\/sup><\/p>\n<p><strong>Les neufs Laur\u00e9ats 2024 ont choisi l\u2019\u00e9cole ou la compagnie qu\u2019ils int\u00e9greront \u00e0 la prochaine saison !<br \/>\n<\/strong><strong>D\u00e9couvrez leurs choix ci-dessous :<\/strong><\/p>\n<table style=\"border-collapse: collapse; width: 100%;\" border=\"1\">\n<tbody>\n<tr style=\"height: 24px;\">\n<td style=\"width: 36.2042%; height: 24px;\"><strong>R\u00e9compense<\/strong><\/td>\n<td style=\"width: 11.0733%; height: 24px;\"><strong>Pr\u00e9nom<\/strong><\/td>\n<td style=\"width: 21.9633%; height: 24px;\"><strong>Nom de famille<\/strong><\/td>\n<td style=\"width: 30.7592%; height: 24px;\"><strong>Choix de l&#8217;\u00e9cole ou de la compagnie\u00a0<\/strong><\/td>\n<\/tr>\n<tr style=\"height: 24px;\">\n<td style=\"width: 36.2042%; height: 24px;\">\n<p><strong>1 \u2013 BOURSE JEUNE ESPOIR<\/strong><\/p>\n<p>Prix du public web &#8211; FAC, avec le soutien d&#8217;ARTE Concert<\/td>\n<td style=\"width: 11.0733%; height: 24px;\">Jo\u00e3o Pedro<\/td>\n<td style=\"width: 21.9633%; height: 24px;\">DOS SANTOS SILVA<\/td>\n<td style=\"width: 30.7592%; height: 24px;\"><a class=\"d-inline-block\" href=\"https:\/\/www.operadeparis.fr\/artistes\/ecole-de-danse\" target=\"_blank\" rel=\"noopener nofollow external noreferrer\" data-wpel-link=\"external\">\u00c9cole de Danse de l\u2019Op\u00e9ra national de Paris<\/a><\/td>\n<\/tr>\n<tr style=\"height: 24px;\">\n<td style=\"width: 36.2042%; height: 24px;\">\n<p><strong>2 \u2013 CARIS FOUNDATION<\/strong><\/p>\n<p>Prix de la danse contemporaine &#8211; MINERVA KUNSTSTIFTUNG<\/td>\n<td style=\"width: 11.0733%; height: 24px;\">Martinho<\/td>\n<td style=\"width: 21.9633%; height: 24px;\">LIMA SANTOS<\/td>\n<td style=\"width: 30.7592%; height: 24px;\"><a href=\"https:\/\/www.ballet.org.uk\/\" data-wpel-link=\"external\" target=\"_blank\" rel=\"nofollow external noopener noreferrer\">English National Ballet<\/a><\/td>\n<\/tr>\n<tr style=\"height: 24px;\">\n<td style=\"width: 36.2042%; height: 24px;\">\n<p><strong>3 \u2013 BOURSE JEUNE \u00c9TOILE<\/strong><\/p>\n<p>Prix Beaulieu &#8211; BEAULIEU SA<br \/>\nPrix du public &#8211; FAC, avec le soutien d&#8217;ARTE Concert<\/td>\n<td style=\"width: 11.0733%; height: 24px;\">Paloma<\/td>\n<td style=\"width: 21.9633%; height: 24px;\">LIVELLARA VIDART<\/td>\n<td style=\"width: 30.7592%; height: 24px;\"><a href=\"https:\/\/www.abt.org\/training\/dancer-training\/abt-studio-company\/\" data-wpel-link=\"external\" target=\"_blank\" rel=\"nofollow external noopener noreferrer\">ABT Studio Company<\/a><\/td>\n<\/tr>\n<tr style=\"height: 24px;\">\n<td style=\"width: 36.2042%; height: 24px;\">\n<p><strong>4 \u2013 OAK FOUNDATION<\/strong><\/p>\n<p>Prix de la danse contemporaine &#8211; MINERVA KUNSTSTIFTUNG<\/td>\n<td style=\"width: 11.0733%; height: 24px;\">Crystal<\/td>\n<td style=\"width: 21.9633%; height: 24px;\">HUANG<\/td>\n<td style=\"width: 30.7592%; height: 24px;\"><a href=\"https:\/\/www.abt.org\/training\/dancer-training\/jko-school-pre-professional\/\" data-wpel-link=\"external\" target=\"_blank\" rel=\"nofollow external noopener noreferrer\">ABT Jacqueline Kennedy Onassis School<\/a><\/td>\n<\/tr>\n<tr style=\"height: 24px;\">\n<td style=\"width: 36.2042%; height: 24px;\"><strong>5 \u2013 FONDATION COROMANDEL<\/strong><\/td>\n<td style=\"width: 11.0733%; height: 24px;\">Airi<\/td>\n<td style=\"width: 21.9633%; height: 24px;\">KOBAYASHI<\/td>\n<td style=\"width: 30.7592%; height: 24px;\"><a href=\"https:\/\/www.roh.org.uk\/about\/the-royal-ballet\" data-wpel-link=\"external\" target=\"_blank\" rel=\"nofollow external noopener noreferrer\">Royal Ballet<\/a><\/td>\n<\/tr>\n<tr style=\"height: 24px;\">\n<td style=\"width: 36.2042%; height: 24px;\"><strong>6 \u2013 BOURSE ASTARTE<\/strong><\/td>\n<td style=\"width: 11.0733%; height: 24px;\">Jenson<\/td>\n<td style=\"width: 21.9633%; height: 24px;\">BLIGHT<\/td>\n<td style=\"width: 30.7592%; height: 24px;\"><a href=\"https:\/\/www.operaballet.nl\/en\/ballet\/dutch-national-ballet\/junior-company\" data-wpel-link=\"external\" target=\"_blank\" rel=\"nofollow external noopener noreferrer\">Dutch National Ballet &#8211; Junior Company<\/a><\/td>\n<\/tr>\n<tr style=\"height: 24px;\">\n<td style=\"width: 36.2042%; height: 24px;\"><strong>7 \u2013 AUD JEBSEN SCHOLARSHIP<\/strong><\/td>\n<td style=\"width: 11.0733%; height: 24px;\">Juliann<\/td>\n<td style=\"width: 21.9633%; height: 24px;\">FEDELE-MALARD<\/td>\n<td style=\"width: 30.7592%; height: 24px;\"><a href=\"https:\/\/www.operan.se\/en\/about-the-opera\/ballet\/\" data-wpel-link=\"external\" target=\"_blank\" rel=\"nofollow external noopener noreferrer\">Royal Swedish Ballet<\/a><\/td>\n<\/tr>\n<tr style=\"height: 24px;\">\n<td style=\"width: 36.2042%; height: 24px;\"><strong>8 \u2013 FONDATION MAURICE B\u00c9JART<\/strong><\/td>\n<td style=\"width: 11.0733%; height: 24px;\">Natalie<\/td>\n<td style=\"width: 21.9633%; height: 24px;\">STEELE<\/td>\n<td style=\"width: 30.7592%; height: 24px;\"><a href=\"https:\/\/www.abt.org\/training\/dancer-training\/abt-studio-company\/\" data-wpel-link=\"external\" target=\"_blank\" rel=\"nofollow external noopener noreferrer\">ABT Studio Company<\/a><\/td>\n<\/tr>\n<tr style=\"height: 24px;\">\n<td style=\"width: 36.2042%; height: 25px;\"><strong>9 \u2013 FONDATION DAMM-ETIENNE<\/strong><\/td>\n<td style=\"width: 11.0733%; height: 25px;\">Taichi<\/td>\n<td style=\"width: 21.9633%; height: 25px;\">TOSHIDA<\/td>\n<td style=\"width: 30.7592%; height: 25px;\"><a href=\"https:\/\/www.hamburgballett.de\/en\/ballettschule\/index.php\" data-wpel-link=\"external\" target=\"_blank\" rel=\"nofollow external noopener noreferrer\">School of the Hamburg Ballet John Neumeier<\/a><\/td>\n<\/tr>\n<\/tbody>\n<\/table>\n<p>&nbsp;<\/p>\n<\/div>","protected":false},"excerpt":{"rendered":"<p>Photo : Gregory Batardon Les neufs Laur\u00e9ats 2024 ont choisi l\u2019\u00e9cole ou la compagnie qu\u2019ils int\u00e9greront \u00e0 la prochaine saison ! D\u00e9couvrez leurs choix ci-dessous : R\u00e9compense Pr\u00e9nom Nom de famille Choix de l&#8217;\u00e9cole ou de la compagnie\u00a0 1 \u2013 BOURSE JEUNE ESPOIR Prix du public web &#8211; FAC, avec le soutien d&#8217;ARTE Concert Jo\u00e3o [&hellip;]<\/p>\n","protected":false},"author":7514,"featured_media":54287,"comment_status":"closed","ping_status":"closed","sticky":false,"template":"","format":"standard","meta":{"_acf_changed":false,"_monsterinsights_skip_tracking":false,"_monsterinsights_sitenote_active":false,"_monsterinsights_sitenote_note":"","_monsterinsights_sitenote_category":0,"footnotes":""},"categories":[70,133,288],"tags":[],"class_list":["post-61716","post","type-post","status-publish","format-standard","has-post-thumbnail","hentry","category-candidats","category-laureats","category-prix-de-lausanne-2024"],"acf":[],"_links":{"self":[{"href":"https:\/\/www.prixdelausanne.org\/fr\/wp-json\/wp\/v2\/posts\/61716","targetHints":{"allow":["GET"]}}],"collection":[{"href":"https:\/\/www.prixdelausanne.org\/fr\/wp-json\/wp\/v2\/posts"}],"about":[{"href":"https:\/\/www.prixdelausanne.org\/fr\/wp-json\/wp\/v2\/types\/post"}],"author":[{"embeddable":true,"href":"https:\/\/www.prixdelausanne.org\/fr\/wp-json\/wp\/v2\/users\/7514"}],"replies":[{"embeddable":true,"href":"https:\/\/www.prixdelausanne.org\/fr\/wp-json\/wp\/v2\/comments?post=61716"}],"version-history":[{"count":0,"href":"https:\/\/www.prixdelausanne.org\/fr\/wp-json\/wp\/v2\/posts\/61716\/revisions"}],"wp:featuredmedia":[{"embeddable":true,"href":"https:\/\/www.prixdelausanne.org\/fr\/wp-json\/wp\/v2\/media\/54287"}],"wp:attachment":[{"href":"https:\/\/www.prixdelausanne.org\/fr\/wp-json\/wp\/v2\/media?parent=61716"}],"wp:term":[{"taxonomy":"category","embeddable":true,"href":"https:\/\/www.prixdelausanne.org\/fr\/wp-json\/wp\/v2\/categories?post=61716"},{"taxonomy":"post_tag","embeddable":true,"href":"https:\/\/www.prixdelausanne.org\/fr\/wp-json\/wp\/v2\/tags?post=61716"}],"curies":[{"name":"wp","href":"https:\/\/api.w.org\/{rel}","templated":true}]}}