 {"id":50640,"date":"2023-01-13T16:21:18","date_gmt":"2023-01-13T15:21:18","guid":{"rendered":"https:\/\/www.prixdelausanne.org\/?p=50640"},"modified":"2023-10-06T11:57:35","modified_gmt":"2023-10-06T09:57:35","slug":"equipe-artistique-2023","status":"publish","type":"post","link":"https:\/\/www.prixdelausanne.org\/fr\/equipe-artistique-2023\/","title":{"rendered":"\u00c9quipe artistique 2023"},"content":{"rendered":"<div class=\"the-content\"><p><strong>Nous sommes ravis de vous pr\u00e9senter les collaborateurs artistiques du Prix de Lausanne 2023 !<\/strong><\/p>\n<p>Nous avons la chance incroyable de r\u00e9unir une \u00e9quipe remarquable, compos\u00e9e de professeurs de danse, coaches et musiciens internationaux irrempla\u00e7ables ! Gr\u00e2ce \u00e0 leur expertise et \u00e0 leur attention, le Prix de Lausanne est depuis de nombreuses ann\u00e9es un cadre d\u2019apprentissage unique et un tremplin vers le succ\u00e8s.<\/p>\n<\/div>","protected":false},"excerpt":{"rendered":"<p>Nous sommes ravis de vous pr\u00e9senter les collaborateurs artistiques du Prix de Lausanne 2023 ! Nous avons la chance incroyable de r\u00e9unir une \u00e9quipe remarquable, compos\u00e9e de professeurs de danse, coaches et musiciens internationaux irrempla\u00e7ables ! Gr\u00e2ce \u00e0 leur expertise et \u00e0 leur attention, le Prix de Lausanne est depuis de nombreuses ann\u00e9es un cadre [&hellip;]<\/p>\n","protected":false},"author":7508,"featured_media":50743,"comment_status":"closed","ping_status":"closed","sticky":false,"template":"","format":"standard","meta":{"_acf_changed":false,"_monsterinsights_skip_tracking":false,"_monsterinsights_sitenote_active":false,"_monsterinsights_sitenote_note":"","_monsterinsights_sitenote_category":0,"footnotes":""},"categories":[68,221,2,223],"tags":[],"class_list":["post-50640","post","type-post","status-publish","format-standard","has-post-thumbnail","hentry","category-evenement","category-le-monde-de-la-danse","category-non-classifiee","category-2023-prix-de-lausanne-fr"],"acf":[],"_links":{"self":[{"href":"https:\/\/www.prixdelausanne.org\/fr\/wp-json\/wp\/v2\/posts\/50640","targetHints":{"allow":["GET"]}}],"collection":[{"href":"https:\/\/www.prixdelausanne.org\/fr\/wp-json\/wp\/v2\/posts"}],"about":[{"href":"https:\/\/www.prixdelausanne.org\/fr\/wp-json\/wp\/v2\/types\/post"}],"author":[{"embeddable":true,"href":"https:\/\/www.prixdelausanne.org\/fr\/wp-json\/wp\/v2\/users\/7508"}],"replies":[{"embeddable":true,"href":"https:\/\/www.prixdelausanne.org\/fr\/wp-json\/wp\/v2\/comments?post=50640"}],"version-history":[{"count":0,"href":"https:\/\/www.prixdelausanne.org\/fr\/wp-json\/wp\/v2\/posts\/50640\/revisions"}],"wp:featuredmedia":[{"embeddable":true,"href":"https:\/\/www.prixdelausanne.org\/fr\/wp-json\/wp\/v2\/media\/50743"}],"wp:attachment":[{"href":"https:\/\/www.prixdelausanne.org\/fr\/wp-json\/wp\/v2\/media?parent=50640"}],"wp:term":[{"taxonomy":"category","embeddable":true,"href":"https:\/\/www.prixdelausanne.org\/fr\/wp-json\/wp\/v2\/categories?post=50640"},{"taxonomy":"post_tag","embeddable":true,"href":"https:\/\/www.prixdelausanne.org\/fr\/wp-json\/wp\/v2\/tags?post=50640"}],"curies":[{"name":"wp","href":"https:\/\/api.w.org\/{rel}","templated":true}]}}