 {"id":50585,"date":"2023-01-13T12:12:08","date_gmt":"2023-01-13T11:12:08","guid":{"rendered":"https:\/\/www.prixdelausanne.org\/?p=50585"},"modified":"2023-01-18T15:02:41","modified_gmt":"2023-01-18T14:02:41","slug":"cours-pour-les-eleves-des-ecoles-de-danse-de-la-region-3","status":"publish","type":"post","link":"https:\/\/www.prixdelausanne.org\/fr\/cours-pour-les-eleves-des-ecoles-de-danse-de-la-region-3\/","title":{"rendered":"Cours pour les \u00e9l\u00e8ves des \u00e9coles de danse de la r\u00e9gion"},"content":{"rendered":"<div class=\"the-content\"><h2 data-reader-unique-id=\"1\"><span style=\"color: #c9ad6f\">Cette ann\u00e9e encore, les \u00e9l\u00e8ves des \u00e9coles de danse locales ont <\/span><span style=\"color: #c9ad6f\">l\u2019opportunit\u00e9 de participer \u00e0 des cours donn\u00e9s par des professeurs de renom pendant la semaine du concours !<\/span><\/h2>\n<p data-reader-unique-id=\"13\">\n<\/div>","protected":false},"excerpt":{"rendered":"<p>Cette ann\u00e9e encore, les \u00e9l\u00e8ves des \u00e9coles de danse locales ont l\u2019opportunit\u00e9 de participer \u00e0 des cours donn\u00e9s par des professeurs de renom pendant la semaine du concours !<\/p>\n","protected":false},"author":7508,"featured_media":50754,"comment_status":"closed","ping_status":"closed","sticky":false,"template":"","format":"standard","meta":{"_acf_changed":false,"_monsterinsights_skip_tracking":false,"_monsterinsights_sitenote_active":false,"_monsterinsights_sitenote_note":"","_monsterinsights_sitenote_category":0,"footnotes":""},"categories":[68,221,223],"tags":[],"class_list":["post-50585","post","type-post","status-publish","format-standard","has-post-thumbnail","hentry","category-evenement","category-le-monde-de-la-danse","category-2023-prix-de-lausanne-fr"],"acf":[],"_links":{"self":[{"href":"https:\/\/www.prixdelausanne.org\/fr\/wp-json\/wp\/v2\/posts\/50585","targetHints":{"allow":["GET"]}}],"collection":[{"href":"https:\/\/www.prixdelausanne.org\/fr\/wp-json\/wp\/v2\/posts"}],"about":[{"href":"https:\/\/www.prixdelausanne.org\/fr\/wp-json\/wp\/v2\/types\/post"}],"author":[{"embeddable":true,"href":"https:\/\/www.prixdelausanne.org\/fr\/wp-json\/wp\/v2\/users\/7508"}],"replies":[{"embeddable":true,"href":"https:\/\/www.prixdelausanne.org\/fr\/wp-json\/wp\/v2\/comments?post=50585"}],"version-history":[{"count":0,"href":"https:\/\/www.prixdelausanne.org\/fr\/wp-json\/wp\/v2\/posts\/50585\/revisions"}],"wp:featuredmedia":[{"embeddable":true,"href":"https:\/\/www.prixdelausanne.org\/fr\/wp-json\/wp\/v2\/media\/50754"}],"wp:attachment":[{"href":"https:\/\/www.prixdelausanne.org\/fr\/wp-json\/wp\/v2\/media?parent=50585"}],"wp:term":[{"taxonomy":"category","embeddable":true,"href":"https:\/\/www.prixdelausanne.org\/fr\/wp-json\/wp\/v2\/categories?post=50585"},{"taxonomy":"post_tag","embeddable":true,"href":"https:\/\/www.prixdelausanne.org\/fr\/wp-json\/wp\/v2\/tags?post=50585"}],"curies":[{"name":"wp","href":"https:\/\/api.w.org\/{rel}","templated":true}]}}