 {"id":47821,"date":"2022-10-26T14:27:30","date_gmt":"2022-10-26T12:27:30","guid":{"rendered":"https:\/\/www.prixdelausanne.org\/?p=47821"},"modified":"2022-11-21T15:56:28","modified_gmt":"2022-11-21T14:56:28","slug":"selected-candidates-for-the-prix-de-lausanne-2023","status":"publish","type":"post","link":"https:\/\/www.prixdelausanne.org\/fr\/selected-candidates-for-the-prix-de-lausanne-2023\/","title":{"rendered":"Candidats s\u00e9lectionn\u00e9s pour le Prix de Lausanne 2023"},"content":{"rendered":"<div class=\"the-content\"><h2>R\u00e9sultats des selections vid\u00e9o<\/h2>\n<p>Le jury des s\u00e9lections vid\u00e9o, compos\u00e9 de 9 professionnels du monde de la danse, s\u2019est r\u00e9uni \u00e0 Lausanne ce weekend pour regarder les vid\u00e9os envoy\u00e9es par les candidats.<\/p>\n<p><span class=\"s12\">Ils ont visionn\u00e9 <\/span><span class=\"s4\">les vid\u00e9os de<\/span> <strong><span style=\"color: #c9ad6f\"><span class=\"s4\">429<\/span>\u00a0<span class=\"s4\">danseurs <\/span><\/span><\/strong><span class=\"s12\">(335<\/span><span class=\"s12\">\u00a0filles et 94<\/span><span class=\"s12\">\u00a0gar\u00e7ons) de <strong><span style=\"color: #c9ad6f\">39<\/span><\/strong><\/span><span class=\"s12\"><strong><span style=\"color: #c9ad6f\">\u00a0nationalit\u00e9s<\/span><\/strong><\/span><span class=\"s12\">. Au total, <strong><span style=\"color: #c9ad6f\">76 <\/span><\/strong><\/span><span class=\"s12\"><strong><span style=\"color: #c9ad6f\">candidats<\/span><\/strong> ont \u00e9t\u00e9 retenus \u00e0 la s<\/span><span class=\"s12\">uite de cette \u00e9preuve vid\u00e9o tandis que 11<\/span><span class=\"s12\">\u00a0candidats avaient <\/span><span class=\"s12\">d\u00e9j\u00e0 \u00e9t\u00e9 pr\u00e9s\u00e9lectionn\u00e9s*.<\/span><\/p>\n<p><span class=\"s12\">Ils sont ainsi <\/span><span style=\"color: #c9ad6f\"><strong><span class=\"s4\">87<\/span><\/strong><span class=\"s4\"><strong> danseurs<\/strong> <\/span><\/span><span class=\"s4\">(46\u00a0filles et 41<\/span><span class=\"s4\"> gar\u00e7ons) <\/span><span class=\"s4\">de <strong><span style=\"color: #c9ad6f\">18 pays <\/span><\/strong>diff\u00e9rents\u00a0<\/span><span class=\"s12\">\u00e0 avoir \u00e9t\u00e9 s\u00e9lectionn\u00e9s pour par<\/span><span class=\"s12\">ticiper au Prix de Lausanne 2023<\/span><span class=\"s12\">.<\/span><i><\/i><\/p>\n<blockquote><p><em>Quelle excitation de d\u00e9couvrir un tel talent parmi les jeunes danseurs retenus lors de la pr\u00e9s\u00e9lection vid\u00e9o\u00a0! Ces candidats exceptionnels, qui concourront lors du Prix de Lausanne 2023, sont particuli\u00e8rement chanceux puisqu\u2019ils vivront de l\u2019int\u00e9rieur cette \u00e9dition anniversaire historique. Ils feront face \u00e0 un Jury particuli\u00e8rement impressionnant et leurs performances marqueront l\u2019histoire.\u00a0Nous sommes impatients de les accueillir dans un Th\u00e9\u00e2tre de Beaulieu flambant neuf.<\/em><\/p>\n<p><em><strong>Kathryn Bradney <\/strong>(Directrice artistique et ex\u00e9cutive du Prix de Lausanne)<\/em><\/p><\/blockquote>\n<\/div>","protected":false},"excerpt":{"rendered":"<p>R\u00e9sultats des selections vid\u00e9o Le jury des s\u00e9lections vid\u00e9o, compos\u00e9 de 9 professionnels du monde de la danse, s\u2019est r\u00e9uni \u00e0 Lausanne ce weekend pour regarder les vid\u00e9os envoy\u00e9es par les candidats. Ils ont visionn\u00e9 les vid\u00e9os de 429\u00a0danseurs (335\u00a0filles et 94\u00a0gar\u00e7ons) de 39\u00a0nationalit\u00e9s. Au total, 76 candidats ont \u00e9t\u00e9 retenus \u00e0 la suite de [&hellip;]<\/p>\n","protected":false},"author":7508,"featured_media":42420,"comment_status":"closed","ping_status":"closed","sticky":false,"template":"","format":"standard","meta":{"_acf_changed":false,"_monsterinsights_skip_tracking":false,"_monsterinsights_sitenote_active":false,"_monsterinsights_sitenote_note":"","_monsterinsights_sitenote_category":0,"footnotes":""},"categories":[70,223],"tags":[],"class_list":["post-47821","post","type-post","status-publish","format-standard","has-post-thumbnail","hentry","category-candidats","category-2023-prix-de-lausanne-fr"],"acf":[],"_links":{"self":[{"href":"https:\/\/www.prixdelausanne.org\/fr\/wp-json\/wp\/v2\/posts\/47821","targetHints":{"allow":["GET"]}}],"collection":[{"href":"https:\/\/www.prixdelausanne.org\/fr\/wp-json\/wp\/v2\/posts"}],"about":[{"href":"https:\/\/www.prixdelausanne.org\/fr\/wp-json\/wp\/v2\/types\/post"}],"author":[{"embeddable":true,"href":"https:\/\/www.prixdelausanne.org\/fr\/wp-json\/wp\/v2\/users\/7508"}],"replies":[{"embeddable":true,"href":"https:\/\/www.prixdelausanne.org\/fr\/wp-json\/wp\/v2\/comments?post=47821"}],"version-history":[{"count":0,"href":"https:\/\/www.prixdelausanne.org\/fr\/wp-json\/wp\/v2\/posts\/47821\/revisions"}],"wp:featuredmedia":[{"embeddable":true,"href":"https:\/\/www.prixdelausanne.org\/fr\/wp-json\/wp\/v2\/media\/42420"}],"wp:attachment":[{"href":"https:\/\/www.prixdelausanne.org\/fr\/wp-json\/wp\/v2\/media?parent=47821"}],"wp:term":[{"taxonomy":"category","embeddable":true,"href":"https:\/\/www.prixdelausanne.org\/fr\/wp-json\/wp\/v2\/categories?post=47821"},{"taxonomy":"post_tag","embeddable":true,"href":"https:\/\/www.prixdelausanne.org\/fr\/wp-json\/wp\/v2\/tags?post=47821"}],"curies":[{"name":"wp","href":"https:\/\/api.w.org\/{rel}","templated":true}]}}