 {"id":40921,"date":"2022-03-08T15:34:39","date_gmt":"2022-03-08T14:34:39","guid":{"rendered":"https:\/\/www.prixdelausanne.org\/?p=40921"},"modified":"2022-08-21T17:21:09","modified_gmt":"2022-08-21T15:21:09","slug":"exposition-envol-au-mhl","status":"publish","type":"post","link":"https:\/\/www.prixdelausanne.org\/fr\/exposition-envol-au-mhl\/","title":{"rendered":"Exposition &#8220;Envol&#8221; au MHL"},"content":{"rendered":"<div class=\"the-content\"><h2 class=\"p-title-value\">\u00ab Envol \u00bb : Le Prix de Lausanne, 50 ans d&#8217;histoire<\/h2>\n<h4>Une exposition au Mus\u00e9e Historique Lausanne<\/h4>\n<p>Quelle meilleure occasion que nos 50 ann\u00e9es d&#8217;existence pour vous faire plonger dans les coulisses de notre concours historique ? Nous sommes tr\u00e8s heureux de vous inviter \u00e0 d\u00e9couvrir cette exposition qui retrace notre histoire, au moyen de magnifiques photos et vid\u00e9os d&#8217;archives.<\/p>\n<p>\u00c0 d\u00e9couvrir jusqu&#8217;au 29 mai !<\/p>\n<h4>Des rendez-vous \u00e0 ne pas manquer<\/h4>\n<p><span class=\"break-words\"><span dir=\"ltr\"><span style=\"color: #c9ad6f;\"><strong>\u00a0Jeudi 10 mars | 18h30<\/strong><\/span><br \/>\n&#8220;50 ann\u00e9es \u00e9toil\u00e9es&#8221;<br \/>\nDiscussion entre Corinne Rochet et Jean-Pierre Pastori autour de l&#8217;ouvrage anniversaire du Prix de Lausanne<\/span><\/span><\/p>\n<p><span class=\"break-words\"><span dir=\"ltr\"><span style=\"color: #c9ad6f;\"><strong>Dimanche 20 mars | 14h<\/strong><\/span><br \/>\n&#8220;R\u00eaver, danser et le partager&#8221;<br \/>\nVisite de l&#8217;exposition pour de jeunes \u00e9l\u00e8ves, encadr\u00e9s par la chor\u00e9graphe Jasmine Morand<\/span><\/span><\/p>\n<p><span class=\"break-words\"><span dir=\"ltr\"><span style=\"color: #c9ad6f;\"><strong>Jeudi 7 avril | 18h30<\/strong><\/span><br \/>\n&#8220;Entre corps et esprit : impact de la pratique intensive de la danse sur la sant\u00e9 des jeunes&#8221;<br \/>\nDiscussion entre C\u00e9line Kosirnik et V\u00e9ronique Lugrin<\/span><\/span><\/p>\n<p><span class=\"break-words\"><span dir=\"ltr\"><span style=\"color: #c9ad6f;\"><strong>Mardi 12 avril | 18h30<\/strong><\/span><br \/>\n&#8220;Du classique au contemporain: le parcours dansant de Foofwa d&#8217;Imobilit\u00e9&#8221;<br \/>\nRencontre avec le danseur genevois, laur\u00e9at du Prix de Lausanne en 1987<\/span><\/span><\/p>\n<p>Informations et inscriptions sur le site du <a target=\"_blank\" rel=\"noopener\">Mus\u00e9e Historique Lausanne<\/a><\/p>\n<p>Un grand merci \u00e0 l&#8217;<a href=\"https:\/\/www.atelier-oi.ch\/fr\/projets\/\" target=\"_blank\" rel=\"noopener nofollow external noreferrer\" data-wpel-link=\"external\">Atelier O\u00ef<\/a>, \u00e0 la <a href=\"https:\/\/sapa.swiss\/fr\/\" target=\"_blank\" rel=\"noopener nofollow external noreferrer\" data-wpel-link=\"external\">Fondation SAPA<\/a> et au Mus\u00e9e Historique Lausanne pour cette magnifique collaboration<\/p>\n<\/div>","protected":false},"excerpt":{"rendered":"<p>\u00ab Envol \u00bb : Le Prix de Lausanne, 50 ans d&#8217;histoire Une exposition au Mus\u00e9e Historique Lausanne Quelle meilleure occasion que nos 50 ann\u00e9es d&#8217;existence pour vous faire plonger dans les coulisses de notre concours historique ? Nous sommes tr\u00e8s heureux de vous inviter \u00e0 d\u00e9couvrir cette exposition qui retrace notre histoire, au moyen de [&hellip;]<\/p>\n","protected":false},"author":7512,"featured_media":45901,"comment_status":"closed","ping_status":"closed","sticky":false,"template":"","format":"standard","meta":{"_acf_changed":false,"_monsterinsights_skip_tracking":false,"_monsterinsights_sitenote_active":false,"_monsterinsights_sitenote_note":"","_monsterinsights_sitenote_category":0,"footnotes":""},"categories":[68,221,223],"tags":[],"class_list":["post-40921","post","type-post","status-publish","format-standard","has-post-thumbnail","hentry","category-evenement","category-le-monde-de-la-danse","category-2023-prix-de-lausanne-fr"],"acf":[],"_links":{"self":[{"href":"https:\/\/www.prixdelausanne.org\/fr\/wp-json\/wp\/v2\/posts\/40921","targetHints":{"allow":["GET"]}}],"collection":[{"href":"https:\/\/www.prixdelausanne.org\/fr\/wp-json\/wp\/v2\/posts"}],"about":[{"href":"https:\/\/www.prixdelausanne.org\/fr\/wp-json\/wp\/v2\/types\/post"}],"author":[{"embeddable":true,"href":"https:\/\/www.prixdelausanne.org\/fr\/wp-json\/wp\/v2\/users\/7512"}],"replies":[{"embeddable":true,"href":"https:\/\/www.prixdelausanne.org\/fr\/wp-json\/wp\/v2\/comments?post=40921"}],"version-history":[{"count":0,"href":"https:\/\/www.prixdelausanne.org\/fr\/wp-json\/wp\/v2\/posts\/40921\/revisions"}],"wp:featuredmedia":[{"embeddable":true,"href":"https:\/\/www.prixdelausanne.org\/fr\/wp-json\/wp\/v2\/media\/45901"}],"wp:attachment":[{"href":"https:\/\/www.prixdelausanne.org\/fr\/wp-json\/wp\/v2\/media?parent=40921"}],"wp:term":[{"taxonomy":"category","embeddable":true,"href":"https:\/\/www.prixdelausanne.org\/fr\/wp-json\/wp\/v2\/categories?post=40921"},{"taxonomy":"post_tag","embeddable":true,"href":"https:\/\/www.prixdelausanne.org\/fr\/wp-json\/wp\/v2\/tags?post=40921"}],"curies":[{"name":"wp","href":"https:\/\/api.w.org\/{rel}","templated":true}]}}