 {"id":38478,"date":"2021-02-16T10:19:05","date_gmt":"2021-02-16T09:19:05","guid":{"rendered":"https:\/\/www.prixdelausanne.org\/?p=38478"},"modified":"2021-04-08T10:15:15","modified_gmt":"2021-04-08T08:15:15","slug":"stage-dete-2021","status":"publish","type":"post","link":"https:\/\/www.prixdelausanne.org\/fr\/stage-dete-2021\/","title":{"rendered":"Stage d&#8217;\u00e9t\u00e9 2021"},"content":{"rendered":"<div class=\"the-content\"><p>La prochaine \u00e9dition du Stage d\u2019\u00e9t\u00e9 \u2013 Pr\u00e9s\u00e9lection europ\u00e9enne aura lieu du 6 au 11 juillet 2021 \u00e0 l\u2019Arsenic, \u00e0 Lausanne.<br \/>\nL\u2019inscription en ligne est ouverte jusqu&#8217;au 15 avril 2021 (d\u00e9lai prolong\u00e9).<\/p>\n<p>Pour plus d&#8217;informations &gt; <a href=\"https:\/\/www.prixdelausanne.org\/fr\/evenements\/stage-dete\/\" target=\"_blank\" rel=\"noopener\" data-wpel-link=\"internal\">cliquez ici<\/a><\/p>\n<\/div>","protected":false},"excerpt":{"rendered":"<p>La prochaine \u00e9dition du Stage d\u2019\u00e9t\u00e9 \u2013 Pr\u00e9s\u00e9lection europ\u00e9enne aura lieu du 6 au 11 juillet 2021 \u00e0 l\u2019Arsenic, \u00e0 Lausanne. L\u2019inscription en ligne est ouverte jusqu&#8217;au 15 avril 2021 (d\u00e9lai prolong\u00e9). Pour plus d&#8217;informations &gt; cliquez ici<\/p>\n","protected":false},"author":7512,"featured_media":38473,"comment_status":"closed","ping_status":"closed","sticky":false,"template":"","format":"standard","meta":{"_acf_changed":false,"_monsterinsights_skip_tracking":false,"_monsterinsights_sitenote_active":false,"_monsterinsights_sitenote_note":"","_monsterinsights_sitenote_category":0,"footnotes":""},"categories":[70,68,141,200],"tags":[],"class_list":["post-38478","post","type-post","status-publish","format-standard","has-post-thumbnail","hentry","category-candidats","category-evenement","category-preselections","category-prix-de-lausanne-2022"],"acf":[],"_links":{"self":[{"href":"https:\/\/www.prixdelausanne.org\/fr\/wp-json\/wp\/v2\/posts\/38478","targetHints":{"allow":["GET"]}}],"collection":[{"href":"https:\/\/www.prixdelausanne.org\/fr\/wp-json\/wp\/v2\/posts"}],"about":[{"href":"https:\/\/www.prixdelausanne.org\/fr\/wp-json\/wp\/v2\/types\/post"}],"author":[{"embeddable":true,"href":"https:\/\/www.prixdelausanne.org\/fr\/wp-json\/wp\/v2\/users\/7512"}],"replies":[{"embeddable":true,"href":"https:\/\/www.prixdelausanne.org\/fr\/wp-json\/wp\/v2\/comments?post=38478"}],"version-history":[{"count":0,"href":"https:\/\/www.prixdelausanne.org\/fr\/wp-json\/wp\/v2\/posts\/38478\/revisions"}],"wp:featuredmedia":[{"embeddable":true,"href":"https:\/\/www.prixdelausanne.org\/fr\/wp-json\/wp\/v2\/media\/38473"}],"wp:attachment":[{"href":"https:\/\/www.prixdelausanne.org\/fr\/wp-json\/wp\/v2\/media?parent=38478"}],"wp:term":[{"taxonomy":"category","embeddable":true,"href":"https:\/\/www.prixdelausanne.org\/fr\/wp-json\/wp\/v2\/categories?post=38478"},{"taxonomy":"post_tag","embeddable":true,"href":"https:\/\/www.prixdelausanne.org\/fr\/wp-json\/wp\/v2\/tags?post=38478"}],"curies":[{"name":"wp","href":"https:\/\/api.w.org\/{rel}","templated":true}]}}