 {"id":36769,"date":"2021-02-05T19:18:24","date_gmt":"2021-02-05T18:18:24","guid":{"rendered":"https:\/\/www.prixdelausanne.org\/?p=36769"},"modified":"2021-02-12T10:44:06","modified_gmt":"2021-02-12T09:44:06","slug":"finalistes-de-ledition-video","status":"publish","type":"post","link":"https:\/\/www.prixdelausanne.org\/fr\/finalistes-de-ledition-video\/","title":{"rendered":"Finalistes de l&#8217;\u00c9dition vid\u00e9o"},"content":{"rendered":"<div class=\"the-content\"><p>Malgr\u00e9 le format exceptionnel de cette \u00e9dition 2021, les 78 candidats du monde entier ont pu faire montre de leur travail et de leur talent par vid\u00e9o. Apr\u00e8s une semaine d&#8217;exercices de danse classique, les candidats ont enfin d\u00e9voil\u00e9 leurs variations classiques et contemporaines par vid\u00e9o.<\/p>\n<p style=\"text-align: left;\">\u00c0 l&#8217;issue de cette journ\u00e9e de S\u00e9lections, le <a href=\"https:\/\/www.prixdelausanne.org\/fr\/jury-2021-edition-video\/\" target=\"_blank\" rel=\"noopener noreferrer\" data-wpel-link=\"internal\">Jury<\/a>, compos\u00e9 de personnalit\u00e9s du monde de la danse et pr\u00e9sid\u00e9 cette ann\u00e9e par <a href=\"https:\/\/www.prixdelausanne.org\/fr\/spotlight\/richard-wherlock\/\" target=\"_blank\" rel=\"noopener\" data-wpel-link=\"internal\">Richard Wherlock<\/a>, Directeur &amp; Chor\u00e9graphe du Ballet de B\u00e2le, a choisi <strong>les 20 Finalistes du Prix de Lausanne 2021 <\/strong>:<\/p>\n<table style=\"height: 480px;\">\n<tbody>\n<tr>\n<td style=\"width: 53px;\" width=\"49\">107<\/td>\n<td style=\"width: 283px;\" width=\"293\">KOBAYASHI Airi<\/td>\n<td style=\"height: 24px; width: 182px;\" width=\"189\">Japon<\/td>\n<td style=\"height: 24px; width: 147px;\" width=\"123\">15.4 ans<\/td>\n<\/tr>\n<tr style=\"height: 24px;\">\n<td style=\"height: 24px; width: 53px;\" width=\"39\">112<\/td>\n<td style=\"width: 283px;\" width=\"293\">COHEN Charlotte<\/td>\n<td style=\"height: 24px; width: 182px;\" width=\"189\">Australie<\/td>\n<td style=\"width: 147px;\" width=\"192\">15.8 ans<\/td>\n<\/tr>\n<tr style=\"height: 24px;\">\n<td style=\"height: 24px; width: 53px;\" width=\"39\">118<\/td>\n<td style=\"height: 24px; width: 283px;\" width=\"206\">MACIANO Andrey Jesus<\/td>\n<td style=\"height: 24px; width: 182px;\" width=\"189\">Br\u00e9sil<\/td>\n<td style=\"width: 147px;\" width=\"192\">16 ans<\/td>\n<\/tr>\n<tr style=\"height: 24px;\">\n<td style=\"height: 24px; width: 53px;\" width=\"39\">123<\/td>\n<td style=\"width: 283px;\" width=\"293\">PARK Robin<\/td>\n<td style=\"width: 182px;\" width=\"221\">Cor\u00e9e du Sud<\/td>\n<td style=\"width: 147px;\" width=\"192\">16.3 ans<\/td>\n<\/tr>\n<tr style=\"height: 24px;\">\n<td style=\"height: 24px; width: 53px;\" width=\"39\">133<\/td>\n<td style=\"width: 283px;\" width=\"293\">FALC\u00c3O Luiza<\/td>\n<td style=\"width: 182px;\" width=\"221\">Br\u00e9sil<\/td>\n<td style=\"width: 147px;\" width=\"192\">16.9 ans<\/td>\n<\/tr>\n<tr style=\"height: 24px;\">\n<td style=\"height: 24px; width: 53px;\" width=\"39\">135<\/td>\n<td style=\"height: 24px; width: 283px;\" width=\"206\">YAMAMOTO Koharu<\/td>\n<td style=\"width: 182px;\" width=\"221\">Japon<\/td>\n<td style=\"height: 24px; width: 147px;\" width=\"123\">17.1 ans<\/td>\n<\/tr>\n<tr style=\"height: 24px;\">\n<td style=\"height: 24px; width: 53px;\" width=\"39\">204<\/td>\n<td style=\"height: 24px; width: 283px;\" width=\"206\">FAN Liya<\/td>\n<td style=\"width: 182px;\" width=\"221\">Chine<\/td>\n<td style=\"height: 24px; width: 147px;\" width=\"123\">17.1 ans<\/td>\n<\/tr>\n<tr style=\"height: 24px;\">\n<td style=\"height: 24px; width: 53px;\" width=\"39\">207<\/td>\n<td style=\"width: 283px;\" width=\"293\">KWON Jooyoung<\/td>\n<td style=\"width: 182px;\" width=\"221\">Cor\u00e9e du Sud<\/td>\n<td style=\"height: 24px; width: 147px;\" width=\"123\">17.2 ans<\/td>\n<\/tr>\n<tr style=\"height: 24px;\">\n<td style=\"height: 24px; width: 53px;\" width=\"39\">210<\/td>\n<td style=\"width: 283px;\" width=\"293\">YUN Seojeong<\/td>\n<td style=\"width: 182px;\" width=\"221\">Cor\u00e9e du Sud<\/td>\n<td style=\"height: 24px; width: 147px;\" width=\"123\">17.3 ans<\/td>\n<\/tr>\n<tr style=\"height: 24px;\">\n<td style=\"height: 24px; width: 53px;\" width=\"39\">216<\/td>\n<td style=\"height: 24px; width: 283px;\" width=\"206\">DILIGENTE Giulio<\/td>\n<td style=\"height: 24px; width: 182px;\" width=\"189\">Italie<\/td>\n<td style=\"height: 24px; width: 147px;\" width=\"123\">17.6 ans<\/td>\n<\/tr>\n<tr style=\"height: 24px;\">\n<td style=\"height: 24px; width: 53px;\" width=\"39\">218<\/td>\n<td style=\"height: 24px; width: 283px;\" width=\"206\">CASALINHO Ant\u00f3nio<\/td>\n<td style=\"height: 24px; width: 182px;\" width=\"189\">Portugal<\/td>\n<td style=\"height: 24px; width: 147px;\" width=\"123\">17.7 ans<\/td>\n<\/tr>\n<tr style=\"height: 24px;\">\n<td style=\"height: 24px; width: 53px;\" width=\"39\">219<\/td>\n<td style=\"height: 24px; width: 283px;\" width=\"206\">GOMES Francisco<\/td>\n<td style=\"height: 24px; width: 182px;\" width=\"189\">Portugal<\/td>\n<td style=\"height: 24px; width: 147px;\" width=\"123\">17.8 ans<\/td>\n<\/tr>\n<tr style=\"height: 24px;\">\n<td style=\"height: 24px; width: 53px;\" width=\"39\">222<\/td>\n<td style=\"height: 24px; width: 283px;\" width=\"206\">RAMO RUIZ Lorien<\/td>\n<td style=\"height: 24px; width: 182px;\" width=\"189\">Espagne<\/td>\n<td style=\"height: 24px; width: 147px;\" width=\"123\">17.8 ans<\/td>\n<\/tr>\n<tr style=\"height: 24px;\">\n<td style=\"height: 24px; width: 53px;\" width=\"39\">223<\/td>\n<td style=\"height: 24px; width: 283px;\" width=\"206\">DE CARVALHO Kayke Nogueira<\/td>\n<td style=\"height: 24px; width: 182px;\" width=\"189\">Br\u00e9sil<\/td>\n<td style=\"height: 24px; width: 147px;\" width=\"123\">17.9 ans<\/td>\n<\/tr>\n<tr style=\"height: 24px;\">\n<td style=\"height: 24px; width: 53px;\" width=\"39\">226<\/td>\n<td style=\"height: 24px; width: 283px;\" width=\"206\">ABDEL-NOUR Luca<\/td>\n<td style=\"height: 24px; width: 182px;\" width=\"189\">Egypte<\/td>\n<td style=\"height: 24px; width: 147px;\" width=\"123\">17.1 ans<\/td>\n<\/tr>\n<tr style=\"height: 24px;\">\n<td style=\"height: 24px; width: 53px;\" width=\"39\">228<\/td>\n<td style=\"height: 24px; width: 283px;\" width=\"206\">RAMOS PONCE Sa\u00efd<\/td>\n<td style=\"height: 24px; width: 182px;\" width=\"189\">Espagne<\/td>\n<td style=\"height: 24px; width: 147px;\" width=\"123\">17.1 ans<\/td>\n<\/tr>\n<tr style=\"height: 24px;\">\n<td style=\"height: 24px; width: 53px;\" width=\"39\">231<\/td>\n<td style=\"height: 24px; width: 283px;\" width=\"206\">COUPAL Ashley<\/td>\n<td style=\"height: 24px; width: 182px;\" width=\"189\">Canada<\/td>\n<td style=\"height: 24px; width: 147px;\" width=\"123\">18 ans<\/td>\n<\/tr>\n<tr style=\"height: 24px;\">\n<td style=\"height: 24px; width: 53px;\" width=\"39\">232<\/td>\n<td style=\"height: 24px; width: 283px;\" width=\"206\">GUTI\u00c9RREZ RUBI Marti<\/td>\n<td style=\"height: 24px; width: 182px;\" width=\"189\">Mexique<\/td>\n<td style=\"height: 24px; width: 147px;\" width=\"123\">18 ans<\/td>\n<\/tr>\n<tr style=\"height: 24px;\">\n<td style=\"height: 24px; width: 53px;\" width=\"39\">236<\/td>\n<td style=\"height: 24px; width: 283px;\" width=\"206\">FUCHIYAMA Shunhei<\/td>\n<td style=\"height: 24px; width: 182px;\" width=\"189\">Japon<\/td>\n<td style=\"height: 24px; width: 147px;\" width=\"123\">18.2 ans<\/td>\n<\/tr>\n<tr style=\"height: 24px;\">\n<td style=\"height: 24px; width: 53px; text-align: left;\" width=\"39\">241<\/td>\n<td style=\"height: 24px; width: 283px; text-align: left;\" width=\"206\">CRUZ Rui Cesar<\/td>\n<td style=\"height: 24px; width: 182px; text-align: left;\" width=\"189\">Br\u00e9sil<\/td>\n<td style=\"height: 24px; width: 147px; text-align: left;\" width=\"123\">18.6 ans<\/td>\n<\/tr>\n<\/tbody>\n<\/table>\n<p>Les 20 candidats s\u00e9lectionn\u00e9s proviennent de 11<strong> pays diff\u00e9rents<\/strong>. Les nationalit\u00e9s les plus repr\u00e9sent\u00e9es sont le<strong> Br\u00e9sil (4 candidats)<\/strong> et <strong>le Japon et la Cor\u00e9e du Sud avec 3 candidats chacun<\/strong>.<\/p>\n<p><strong>La Finale aura lieu ce samedi 6 f\u00e9vrier d\u00e8s 14h (heure suisse)<\/strong>. Elle sera diffus\u00e9e en direct sur ARTE Concert, YouTube, Facebook ainsi que sur le site du Prix de Lausanne. Les Laur\u00e9ats seront annonc\u00e9s vers 16h30. 6 finalistes recevront une bourse qui leur permettra de poursuivre leur cursus dans une <a href=\"https:\/\/www.prixdelausanne.org\/fr\/communaute\/partenaires\/\" target=\"_blank\" rel=\"noopener noreferrer\" data-wpel-link=\"internal\">\u00e9cole ou une compagnie de ballet parmi les plus prestigieuses au monde<\/a>.<\/p>\n<\/div>","protected":false},"excerpt":{"rendered":"<p>Malgr\u00e9 le format exceptionnel de cette \u00e9dition 2021, les 78 candidats du monde entier ont pu faire montre de leur travail et de leur talent par vid\u00e9o. Apr\u00e8s une semaine d&#8217;exercices de danse classique, les candidats ont enfin d\u00e9voil\u00e9 leurs variations classiques et contemporaines par vid\u00e9o. \u00c0 l&#8217;issue de cette journ\u00e9e de S\u00e9lections, le Jury, [&hellip;]<\/p>\n","protected":false},"author":7508,"featured_media":38078,"comment_status":"closed","ping_status":"closed","sticky":false,"template":"","format":"standard","meta":{"_acf_changed":false,"_monsterinsights_skip_tracking":false,"_monsterinsights_sitenote_active":false,"_monsterinsights_sitenote_note":"","_monsterinsights_sitenote_category":0,"footnotes":""},"categories":[70,68,164,198],"tags":[],"class_list":["post-36769","post","type-post","status-publish","format-standard","has-post-thumbnail","hentry","category-candidats","category-evenement","category-partners-fr","category-prix-de-lausanne-2021"],"acf":[],"_links":{"self":[{"href":"https:\/\/www.prixdelausanne.org\/fr\/wp-json\/wp\/v2\/posts\/36769","targetHints":{"allow":["GET"]}}],"collection":[{"href":"https:\/\/www.prixdelausanne.org\/fr\/wp-json\/wp\/v2\/posts"}],"about":[{"href":"https:\/\/www.prixdelausanne.org\/fr\/wp-json\/wp\/v2\/types\/post"}],"author":[{"embeddable":true,"href":"https:\/\/www.prixdelausanne.org\/fr\/wp-json\/wp\/v2\/users\/7508"}],"replies":[{"embeddable":true,"href":"https:\/\/www.prixdelausanne.org\/fr\/wp-json\/wp\/v2\/comments?post=36769"}],"version-history":[{"count":0,"href":"https:\/\/www.prixdelausanne.org\/fr\/wp-json\/wp\/v2\/posts\/36769\/revisions"}],"wp:featuredmedia":[{"embeddable":true,"href":"https:\/\/www.prixdelausanne.org\/fr\/wp-json\/wp\/v2\/media\/38078"}],"wp:attachment":[{"href":"https:\/\/www.prixdelausanne.org\/fr\/wp-json\/wp\/v2\/media?parent=36769"}],"wp:term":[{"taxonomy":"category","embeddable":true,"href":"https:\/\/www.prixdelausanne.org\/fr\/wp-json\/wp\/v2\/categories?post=36769"},{"taxonomy":"post_tag","embeddable":true,"href":"https:\/\/www.prixdelausanne.org\/fr\/wp-json\/wp\/v2\/tags?post=36769"}],"curies":[{"name":"wp","href":"https:\/\/api.w.org\/{rel}","templated":true}]}}