 {"id":36550,"date":"2021-01-06T09:56:50","date_gmt":"2021-01-06T08:56:50","guid":{"rendered":"https:\/\/www.prixdelausanne.org\/?p=36550"},"modified":"2021-01-28T15:32:30","modified_gmt":"2021-01-28T14:32:30","slug":"jury-2021-edition-video","status":"publish","type":"post","link":"https:\/\/www.prixdelausanne.org\/fr\/jury-2021-edition-video\/","title":{"rendered":"Jury 2021 &#8211; \u00e9dition vid\u00e9o"},"content":{"rendered":"<div class=\"the-content\"><h4>Bien que cette \u00e9dition vid\u00e9o promette d&#8217;\u00eatre diff\u00e9rente de tout ce qu&#8217;a connu le Prix de Lausanne jusqu&#8217;ici, il y aura bel et bien un concours cette ann\u00e9e. Et, qui dit concours, dit jury !<\/h4>\n<p>Nous sommes tr\u00e8s heureux de pr\u00e9senter les membres du jury de cette ann\u00e9e exceptionnelle, compos\u00e9 une fois encore de personnalit\u00e9s reconnues du monde de la danse. Ceux-ci se rassembleront \u00e0 Lausanne en f\u00e9vrier prochain afin de regarder et juger les vid\u00e9os des 78 candidats.<\/p>\n<p><strong>Le jury de l&#8217;\u00e9dition vid\u00e9o sera compos\u00e9 des membres suivants :<\/strong><\/p>\n<ul>\n<li><a href=\"https:\/\/www.prixdelausanne.org\/fr\/spotlight\/richard-wherlock\/\" target=\"_blank\" rel=\"noopener\" data-wpel-link=\"internal\"><strong>Richard Wherlock<\/strong><\/a> \u2013 Pr\u00e9sident du jury, Prix de Lausanne 2021<br \/>\n<em>Directeur &amp; Chor\u00e9graphe, Ballet de B\u00e2le<\/em><\/li>\n<li><a href=\"https:\/\/www.prixdelausanne.org\/fr\/spotlight\/clairemarie-osta\/\" target=\"_blank\" rel=\"noopener\" data-wpel-link=\"internal\"><strong>Clairemarie Osta<\/strong><\/a> \u2013 Vice-pr\u00e9sidente du jury, Prix de Lausanne 2021<br \/>\n<em>Directrice du d\u00e9partement de danse classique, Royal Swedish Ballet School \/ \u00c9toile, Ballet de l&#8217;Op\u00e9ra national de Paris<\/em><\/li>\n<li><b><a href=\"https:\/\/www.prixdelausanne.org\/spotlight\/armando-braswell\/\" target=\"_blank\" rel=\"noopener nofollow external noreferrer\" data-wpel-link=\"external\">Armando Braswell<\/a><br \/>\n<\/b><em>Directeur, Braswell Arts Center\/ Professeur de danse contemporaine, Prix de Lausanne 2020<br \/>\n<\/em><\/li>\n<li><b><a href=\"https:\/\/www.prixdelausanne.org\/spotlight\/kinsun-chan\/\" target=\"_blank\" rel=\"noopener nofollow external noreferrer\" data-wpel-link=\"external\">Kinsun Chan<\/a><br \/>\n<\/b><em>D<\/em><em><span class=\"s3\">irecteur, <\/span><span class=\"s3\">Tanzkompanie<\/span><span class=\"s3\"> Theater St. Gallen \/ Chor\u00e9graphe, Concepteur de sc\u00e8ne &amp; costumes<\/span><\/em><\/li>\n<li><a href=\"https:\/\/www.prixdelausanne.org\/fr\/spotlight\/myrna-kamara\/\" target=\"_blank\" rel=\"noopener\" data-wpel-link=\"internal\"><b>Myrna <\/b><strong>Kamara<\/strong><\/a><em><strong><br \/>\n<\/strong>Ancienne Premi\u00e8re danseuse, Miami City Ballet \/ Ancienne danseuse, NYCB \/ Directrice &amp; danseuse, balletXtreme<\/em><\/li>\n<li><strong><a href=\"https:\/\/www.prixdelausanne.org\/fr\/spotlight\/nicolas-le-riche\/\" target=\"_blank\" rel=\"noopener\" data-wpel-link=\"internal\">Nicolas Le Riche<\/a><br \/>\n<\/strong><em>Directeur artistique, Royal Swedish Ballet \/ \u00c9toile, Ballet de l&#8217;Op\u00e9ra national de Paris<br \/>\n<\/em><\/li>\n<li><b><a href=\"https:\/\/www.prixdelausanne.org\/fr\/spotlight\/ihsan-rustem\/\" target=\"_blank\" rel=\"noopener\" data-wpel-link=\"internal\">Ihsan Rustem<\/a><br \/>\n<\/b><i>Chor\u00e9graphe r\u00e9sident, NW Dance Project \/ Ancien Danseur, Ballet Theater Munich<\/i><\/li>\n<li><strong><a href=\"https:\/\/www.prixdelausanne.org\/fr\/spotlight\/sarawanee-tanatanit\/\" target=\"_blank\" rel=\"noopener\" data-wpel-link=\"internal\">Sarawanee Tanatanit <\/a><br \/>\n<\/strong><em>Artiste invit\u00e9e internationale et Fondatrice, Centre Artistique HOSTBKK \/ Laur\u00e9ate, Prix de Lausanne 2001<\/em><\/li>\n<li><strong><a href=\"https:\/\/www.prixdelausanne.org\/fr\/spotlight\/samuel-wuersten\/\" target=\"_blank\" rel=\"noopener\" data-wpel-link=\"internal\">Samuel Wuersten<\/a><br \/>\n<\/strong><em>Directeur du\u00a0Holland Dance Festival et des programmes de danse\u00a0BA\/MA\u00a0\u00e0 la Haute Ecole d&#8217;Arts de Zurich<\/em><\/li>\n<\/ul>\n<\/div>","protected":false},"excerpt":{"rendered":"<p>Bien que cette \u00e9dition vid\u00e9o promette d&#8217;\u00eatre diff\u00e9rente de tout ce qu&#8217;a connu le Prix de Lausanne jusqu&#8217;ici, il y aura bel et bien un concours cette ann\u00e9e. Et, qui dit concours, dit jury ! Nous sommes tr\u00e8s heureux de pr\u00e9senter les membres du jury de cette ann\u00e9e exceptionnelle, compos\u00e9 une fois encore de personnalit\u00e9s [&hellip;]<\/p>\n","protected":false},"author":7508,"featured_media":36657,"comment_status":"closed","ping_status":"closed","sticky":false,"template":"","format":"standard","meta":{"_acf_changed":false,"_monsterinsights_skip_tracking":false,"_monsterinsights_sitenote_active":false,"_monsterinsights_sitenote_note":"","_monsterinsights_sitenote_category":0,"footnotes":""},"categories":[68,126,164,198],"tags":[],"class_list":["post-36550","post","type-post","status-publish","format-standard","has-post-thumbnail","hentry","category-evenement","category-jury-fr","category-partners-fr","category-prix-de-lausanne-2021"],"acf":[],"_links":{"self":[{"href":"https:\/\/www.prixdelausanne.org\/fr\/wp-json\/wp\/v2\/posts\/36550","targetHints":{"allow":["GET"]}}],"collection":[{"href":"https:\/\/www.prixdelausanne.org\/fr\/wp-json\/wp\/v2\/posts"}],"about":[{"href":"https:\/\/www.prixdelausanne.org\/fr\/wp-json\/wp\/v2\/types\/post"}],"author":[{"embeddable":true,"href":"https:\/\/www.prixdelausanne.org\/fr\/wp-json\/wp\/v2\/users\/7508"}],"replies":[{"embeddable":true,"href":"https:\/\/www.prixdelausanne.org\/fr\/wp-json\/wp\/v2\/comments?post=36550"}],"version-history":[{"count":0,"href":"https:\/\/www.prixdelausanne.org\/fr\/wp-json\/wp\/v2\/posts\/36550\/revisions"}],"wp:featuredmedia":[{"embeddable":true,"href":"https:\/\/www.prixdelausanne.org\/fr\/wp-json\/wp\/v2\/media\/36657"}],"wp:attachment":[{"href":"https:\/\/www.prixdelausanne.org\/fr\/wp-json\/wp\/v2\/media?parent=36550"}],"wp:term":[{"taxonomy":"category","embeddable":true,"href":"https:\/\/www.prixdelausanne.org\/fr\/wp-json\/wp\/v2\/categories?post=36550"},{"taxonomy":"post_tag","embeddable":true,"href":"https:\/\/www.prixdelausanne.org\/fr\/wp-json\/wp\/v2\/tags?post=36550"}],"curies":[{"name":"wp","href":"https:\/\/api.w.org\/{rel}","templated":true}]}}