 {"id":33838,"date":"2020-02-26T16:53:08","date_gmt":"2020-02-26T15:53:08","guid":{"rendered":"https:\/\/www.prixdelausanne.org\/?p=33838"},"modified":"2020-06-24T14:43:28","modified_gmt":"2020-06-24T12:43:28","slug":"stage-dete-preselection-europeenne-2020","status":"publish","type":"post","link":"https:\/\/www.prixdelausanne.org\/fr\/stage-dete-preselection-europeenne-2020\/","title":{"rendered":"Stage d&#8217;\u00e9t\u00e9 \u2013 Pr\u00e9s\u00e9lection europ\u00e9enne 2020"},"content":{"rendered":"<div class=\"the-content\"><h3>La deuxi\u00e8me \u00e9dition de notre Stage d&#8217;\u00e9t\u00e9, qui fait office de Pr\u00e9s\u00e9lection europ\u00e9enne pour le Prix de Lausanne 2021, se tiendra \u00e0 Lausanne du 6 au 11 juillet 2020 !<\/h3>\n<div id=\"attachment_33830\" style=\"width: 310px\" class=\"wp-caption alignleft\"><a href=\"https:\/\/www.prixdelausanne.org\/wp-content\/uploads\/2020\/02\/PDL2020_photo_gregory-batardonMF6A0341-1.jpg\" class=\"fresco\" data-fresco-caption=\"\" data-fresco-options=\"thumbnails:false\" data-wpel-link=\"external\" target=\"_blank\" rel=\"nofollow external noopener noreferrer\"><img decoding=\"async\" aria-describedby=\"caption-attachment-33830\" class=\"wp-image-33830 size-medium\" src=\"https:\/\/www.prixdelausanne.org\/wp-content\/uploads\/2020\/02\/PDL2020_photo_gregory-batardonMF6A0341-1-300x200.jpg\" alt=\"\" width=\"300\" height=\"200\" loading=\"lazy\" \/><\/a><p id=\"caption-attachment-33830\" class=\"wp-caption-text\">Matei Holeleu, candidat pr\u00e9s\u00e9lectionn\u00e9 lors du Stage d&#8217;\u00e9t\u00e9 2019, et l&#8217;un des laur\u00e9ats du Prix de Lausanne 2020 \/ \u00a9 Gregory Batardon<\/p><\/div>\n<p>Ce Stage d&#8217;\u00e9t\u00e9 a pour vocation d&#8217;encourager les danseurs europ\u00e9ens \u00e0 participer au Prix de Lausanne, et \u00e0 maximiser leurs chances d&#8217;\u00eatre s\u00e9lectionn\u00e9s au concours. Tous les jeunes danseurs r\u00e9sidant en Europe ou poss\u00e9dant un passeport europ\u00e9en ont la possibilit\u00e9 de s&#8217;inscrire \u00e0 ce programme enrichissant et plein d&#8217;opportunit\u00e9s !<\/p>\n<p>Cliquez <a href=\"https:\/\/www.prixdelausanne.org\/fr\/concours\/stage-dete\/\" target=\"_blank\" rel=\"noopener noreferrer\" data-wpel-link=\"internal\">ICI<\/a> pour conna\u00eetre toutes les informations relatives au programme ou aux modalit\u00e9s d&#8217;inscription.<\/p>\n<p>&nbsp;<\/p>\n<\/div>","protected":false},"excerpt":{"rendered":"<p>La deuxi\u00e8me \u00e9dition de notre Stage d&#8217;\u00e9t\u00e9, qui fait office de Pr\u00e9s\u00e9lection europ\u00e9enne pour le Prix de Lausanne 2021, se tiendra \u00e0 Lausanne du 6 au 11 juillet 2020 ! Ce Stage d&#8217;\u00e9t\u00e9 a pour vocation d&#8217;encourager les danseurs europ\u00e9ens \u00e0 participer au Prix de Lausanne, et \u00e0 maximiser leurs chances d&#8217;\u00eatre s\u00e9lectionn\u00e9s au concours. [&hellip;]<\/p>\n","protected":false},"author":7508,"featured_media":30544,"comment_status":"closed","ping_status":"closed","sticky":false,"template":"","format":"standard","meta":{"_acf_changed":false,"_monsterinsights_skip_tracking":false,"_monsterinsights_sitenote_active":false,"_monsterinsights_sitenote_note":"","_monsterinsights_sitenote_category":0,"footnotes":""},"categories":[141,198],"tags":[],"class_list":["post-33838","post","type-post","status-publish","format-standard","has-post-thumbnail","hentry","category-preselections","category-prix-de-lausanne-2021"],"acf":[],"_links":{"self":[{"href":"https:\/\/www.prixdelausanne.org\/fr\/wp-json\/wp\/v2\/posts\/33838","targetHints":{"allow":["GET"]}}],"collection":[{"href":"https:\/\/www.prixdelausanne.org\/fr\/wp-json\/wp\/v2\/posts"}],"about":[{"href":"https:\/\/www.prixdelausanne.org\/fr\/wp-json\/wp\/v2\/types\/post"}],"author":[{"embeddable":true,"href":"https:\/\/www.prixdelausanne.org\/fr\/wp-json\/wp\/v2\/users\/7508"}],"replies":[{"embeddable":true,"href":"https:\/\/www.prixdelausanne.org\/fr\/wp-json\/wp\/v2\/comments?post=33838"}],"version-history":[{"count":0,"href":"https:\/\/www.prixdelausanne.org\/fr\/wp-json\/wp\/v2\/posts\/33838\/revisions"}],"wp:featuredmedia":[{"embeddable":true,"href":"https:\/\/www.prixdelausanne.org\/fr\/wp-json\/wp\/v2\/media\/30544"}],"wp:attachment":[{"href":"https:\/\/www.prixdelausanne.org\/fr\/wp-json\/wp\/v2\/media?parent=33838"}],"wp:term":[{"taxonomy":"category","embeddable":true,"href":"https:\/\/www.prixdelausanne.org\/fr\/wp-json\/wp\/v2\/categories?post=33838"},{"taxonomy":"post_tag","embeddable":true,"href":"https:\/\/www.prixdelausanne.org\/fr\/wp-json\/wp\/v2\/tags?post=33838"}],"curies":[{"name":"wp","href":"https:\/\/api.w.org\/{rel}","templated":true}]}}