 {"id":31057,"date":"2019-12-02T16:30:54","date_gmt":"2019-12-02T15:30:54","guid":{"rendered":"https:\/\/www.prixdelausanne.org\/?p=31057"},"modified":"2020-02-13T14:42:45","modified_gmt":"2020-02-13T13:42:45","slug":"intermede-2020","status":"publish","type":"post","link":"https:\/\/www.prixdelausanne.org\/fr\/intermede-2020\/","title":{"rendered":"Interm\u00e8de 2020"},"content":{"rendered":"<div class=\"the-content\"><p>L&#8217;interm\u00e8de aura lieu le 8 f\u00e9vrier 2020, entre la Finale et la C\u00e9r\u00e9monie de remise des prix. Il pr\u00e9sentera des performances d&#8217;\u00e9l\u00e8ves de la\u00a0<a href=\"https:\/\/www.royalballetschool.org.uk\" target=\"_blank\" rel=\"noopener noreferrer nofollow external\" data-wpel-link=\"external\">Royal Ballet School<\/a>\u00a0ainsi que le r\u00e9sultat du\u00a0<a href=\"https:\/\/www.prixdelausanne.org\/community\/choreographic-project\/\" target=\"_blank\" rel=\"noopener noreferrer nofollow external\" data-wpel-link=\"external\">Projet Chor\u00e9graphique<\/a> 2020.<\/p>\n<h3 style=\"text-align: left;\">ROYAL BALLET SCHOOL<\/h3>\n<div id=\"attachment_31487\" style=\"width: 310px\" class=\"wp-caption alignleft\"><a href=\"https:\/\/www.prixdelausanne.org\/wp-content\/uploads\/2019\/12\/\u00a92016-The-Royal-Ballet-School-Johan-Persson_landscape-scaled.jpg\" class=\"fresco\" data-fresco-caption=\"\" data-fresco-options=\"thumbnails:false\" data-wpel-link=\"external\" target=\"_blank\" rel=\"nofollow external noopener noreferrer\"><img decoding=\"async\" aria-describedby=\"caption-attachment-31487\" class=\"size-medium wp-image-31487\" src=\"https:\/\/www.prixdelausanne.org\/wp-content\/uploads\/2019\/12\/\u00a92016-The-Royal-Ballet-School-Johan-Persson_landscape-300x200.jpg\" alt=\"\" width=\"300\" height=\"200\" loading=\"lazy\" \/><\/a><p id=\"caption-attachment-31487\" class=\"wp-caption-text\">\u00a92016 The Royal Ballet School \/ Johan Persson<\/p><\/div>\n<p>&nbsp;<\/p>\n<p><strong>La Royal Ballet School pr\u00e9sente, avec 13 de ses meilleurs danseurs (dont quelques uns sont d&#8217;anciens laur\u00e9ats ou finalistes du\u00a0Prix de Lausanne) deux petites pi\u00e8ces.<\/strong><\/p>\n<h4>Premi\u00e8re partie :<\/h4>\n<p><strong><em>Larina Waltz<\/em><\/strong><br \/>\n<strong>Chor\u00e9graphie<\/strong>\u00a0Ashley Page<br \/>\n<strong>Musique <\/strong>Eugen Onegin, Opera, Act 2 Waltz, Tchaikovsky<\/p>\n<h4>Seconde partie :<\/h4>\n<p>Un extrait de\u00a0<strong><em>Rhapsody<br \/>\n<\/em><\/strong><strong>Chor\u00e9graphie<\/strong>\u00a0Frederic Ashton<br \/>\n<strong>Musique <\/strong>Sergei Rachmaninoff, Rhapsody on a Theme of Paganini<\/p>\n<p><span lang=\"EN-US\"><i>Les \u00e9l\u00e8ves de la Royal Ballet School se produiront sous\u00a0l&#8217;\u00e9gide de leur\u00a0directeur artistique, Christopher Powney, et gr\u00e2ce au soutien d&#8217;Andre Rzym.<\/i><\/span><\/p>\n<p><strong>\u00c0 propos de la Royal Ballet School<\/strong><\/p>\n<p>La Royal Ballet School est l\u2019une des plus grandes \u00e9coles de danse classique et a vu na\u00eetre certains des meilleurs danseurs et chor\u00e9graphes du monde.<\/p>\n<p>L\u2019\u00e9cole offre une formation soigneusement planifi\u00e9e sur 8 ans, incluant un programme acad\u00e9mique et de tutorat ainsi qu\u2019un excellent suivi de sant\u00e9, afin de pr\u00e9parer au mieux les danseurs pour leur carri\u00e8re professionnelle.<\/p>\n<p>Les \u00e9l\u00e8ves sont choisis uniquement pour leur talent et leur potentiel, ind\u00e9pendamment de param\u00e8tres d\u2019ordre acad\u00e9mique ou personnel.<\/p>\n<p style=\"text-align: center;\"><strong>*****<\/strong><\/p>\n<h3>PROJET CHOR\u00c9GRAPHIQUE<\/h3>\n<div id=\"attachment_30576\" style=\"width: 310px\" class=\"wp-caption alignright\"><a href=\"https:\/\/www.prixdelausanne.org\/wp-content\/uploads\/2018\/11\/MauroBigonzetti\u00a9Lucie-Maceczkova.jpg\" class=\"fresco\" data-fresco-caption=\"\" data-fresco-options=\"thumbnails:false\" data-wpel-link=\"external\" target=\"_blank\" rel=\"nofollow external noopener noreferrer\"><img decoding=\"async\" aria-describedby=\"caption-attachment-30576\" class=\"size-medium wp-image-30576\" src=\"https:\/\/www.prixdelausanne.org\/wp-content\/uploads\/2018\/11\/MauroBigonzetti\u00a9Lucie-Maceczkova-300x200.jpg\" alt=\"\" width=\"300\" height=\"200\" srcset=\"https:\/\/www.prixdelausanne.org\/wp-content\/uploads\/2018\/11\/MauroBigonzetti\u00a9Lucie-Maceczkova-300x200.jpg 300w, https:\/\/www.prixdelausanne.org\/wp-content\/uploads\/2018\/11\/MauroBigonzetti\u00a9Lucie-Maceczkova-800x533.jpg 800w, https:\/\/www.prixdelausanne.org\/wp-content\/uploads\/2018\/11\/MauroBigonzetti\u00a9Lucie-Maceczkova-1024x683.jpg 1024w, https:\/\/www.prixdelausanne.org\/wp-content\/uploads\/2018\/11\/MauroBigonzetti\u00a9Lucie-Maceczkova-1920x1280.jpg 1920w, https:\/\/www.prixdelausanne.org\/wp-content\/uploads\/2018\/11\/MauroBigonzetti\u00a9Lucie-Maceczkova-1536x1024.jpg 1536w, https:\/\/www.prixdelausanne.org\/wp-content\/uploads\/2018\/11\/MauroBigonzetti\u00a9Lucie-Maceczkova-2048x1366.jpg 2048w, https:\/\/www.prixdelausanne.org\/wp-content\/uploads\/2018\/11\/MauroBigonzetti\u00a9Lucie-Maceczkova-900x600.jpg 900w, https:\/\/www.prixdelausanne.org\/wp-content\/uploads\/2018\/11\/MauroBigonzetti\u00a9Lucie-Maceczkova-440x293.jpg 440w, https:\/\/www.prixdelausanne.org\/wp-content\/uploads\/2018\/11\/MauroBigonzetti\u00a9Lucie-Maceczkova-1200x800.jpg 1200w\" sizes=\"(max-width: 300px) 100vw, 300px\" loading=\"lazy\" \/><\/a><p id=\"caption-attachment-30576\" class=\"wp-caption-text\">\u00a9Lucie Maceczkov\u00e1<\/p><\/div>\n<p>Pour la 3<sup>e<\/sup> et derni\u00e8re ann\u00e9e, l&#8217;Interm\u00e8de se cl\u00f4turera sur une performance, en avant-premi\u00e8re, des danseurs du <a href=\"https:\/\/www.prixdelausanne.org\/fr\/communaute\/projet-choregraphique\/\" target=\"_blank\" rel=\"noopener noreferrer\" data-wpel-link=\"internal\">Projet Chor\u00e9graphique<\/a> 2020. Le Prix de Lausanne accueille en effet les meilleurs danseurs de 13 de ses <a href=\"https:\/\/www.prixdelausanne.org\/fr\/communaute\/partenaires\/\" target=\"_blank\" rel=\"noopener noreferrer\" data-wpel-link=\"internal\">\u00e9coles partenaires<\/a> pour cette collaboration unique. En 2020, <a href=\"https:\/\/www.prixdelausanne.org\/fr\/communaute\/projet-choregraphique\/#tab3\" target=\"_blank\" rel=\"noopener noreferrer\" data-wpel-link=\"internal\">26 participants<\/a> travailleront avec le fantastique chor\u00e9graphe italien <a href=\"https:\/\/www.prixdelausanne.org\/fr\/spotlight\/mauro-bigonzetti\/\" target=\"_blank\" rel=\"noopener noreferrer\" data-wpel-link=\"internal\">Mauro Bigonzetti<\/a> pendant presque une semaine afin de pr\u00e9parer et r\u00e9p\u00e9ter une de ses cr\u00e9ations in\u00e9dites.<\/p>\n<p><a href=\"https:\/\/www.prixdelausanne.org\/fr\/communaute\/projet-choregraphique\/\" target=\"_blank\" rel=\"noopener noreferrer\" data-wpel-link=\"internal\">En savoir plus sur le Projet Chor\u00e9graphique<\/a><\/p>\n<\/div>","protected":false},"excerpt":{"rendered":"<p>L&#8217;interm\u00e8de aura lieu le 8 f\u00e9vrier 2020, entre la Finale et la C\u00e9r\u00e9monie de remise des prix. Il pr\u00e9sentera des performances d&#8217;\u00e9l\u00e8ves de la\u00a0Royal Ballet School\u00a0ainsi que le r\u00e9sultat du\u00a0Projet Chor\u00e9graphique 2020. ROYAL BALLET SCHOOL &nbsp; La Royal Ballet School pr\u00e9sente, avec 13 de ses meilleurs danseurs (dont quelques uns sont d&#8217;anciens laur\u00e9ats ou finalistes [&hellip;]<\/p>\n","protected":false},"author":7508,"featured_media":31487,"comment_status":"closed","ping_status":"closed","sticky":false,"template":"","format":"standard","meta":{"_acf_changed":false,"_monsterinsights_skip_tracking":false,"_monsterinsights_sitenote_active":false,"_monsterinsights_sitenote_note":"","_monsterinsights_sitenote_category":0,"footnotes":""},"categories":[133,164,163,196],"tags":[],"class_list":["post-31057","post","type-post","status-publish","format-standard","has-post-thumbnail","hentry","category-laureats","category-partners-fr","category-partnership-fr","category-prix-de-lausanne-2020"],"acf":[],"_links":{"self":[{"href":"https:\/\/www.prixdelausanne.org\/fr\/wp-json\/wp\/v2\/posts\/31057","targetHints":{"allow":["GET"]}}],"collection":[{"href":"https:\/\/www.prixdelausanne.org\/fr\/wp-json\/wp\/v2\/posts"}],"about":[{"href":"https:\/\/www.prixdelausanne.org\/fr\/wp-json\/wp\/v2\/types\/post"}],"author":[{"embeddable":true,"href":"https:\/\/www.prixdelausanne.org\/fr\/wp-json\/wp\/v2\/users\/7508"}],"replies":[{"embeddable":true,"href":"https:\/\/www.prixdelausanne.org\/fr\/wp-json\/wp\/v2\/comments?post=31057"}],"version-history":[{"count":0,"href":"https:\/\/www.prixdelausanne.org\/fr\/wp-json\/wp\/v2\/posts\/31057\/revisions"}],"wp:featuredmedia":[{"embeddable":true,"href":"https:\/\/www.prixdelausanne.org\/fr\/wp-json\/wp\/v2\/media\/31487"}],"wp:attachment":[{"href":"https:\/\/www.prixdelausanne.org\/fr\/wp-json\/wp\/v2\/media?parent=31057"}],"wp:term":[{"taxonomy":"category","embeddable":true,"href":"https:\/\/www.prixdelausanne.org\/fr\/wp-json\/wp\/v2\/categories?post=31057"},{"taxonomy":"post_tag","embeddable":true,"href":"https:\/\/www.prixdelausanne.org\/fr\/wp-json\/wp\/v2\/tags?post=31057"}],"curies":[{"name":"wp","href":"https:\/\/api.w.org\/{rel}","templated":true}]}}