 {"id":28718,"date":"2019-07-15T09:07:11","date_gmt":"2019-07-15T07:07:11","guid":{"rendered":"https:\/\/www.prixdelausanne.org\/?p=28718"},"modified":"2019-09-18T08:42:43","modified_gmt":"2019-09-18T06:42:43","slug":"candidats-preselectionnes-stage-dete","status":"publish","type":"post","link":"https:\/\/www.prixdelausanne.org\/fr\/candidats-preselectionnes-stage-dete\/","title":{"rendered":"Candidats pr\u00e9s\u00e9lectionn\u00e9s, stage d&#8217;\u00e9t\u00e9"},"content":{"rendered":"<div class=\"the-content\"><p>Nous sommes fiers d&#8217;annoncer les noms des quatre jeunes danseurs s\u00e9lectionn\u00e9s apr\u00e8s la semaine de classes et de sessions de coaching du premier stage d&#8217;\u00e9t\u00e9 organis\u00e9 par le Prix de Lausanne !\u00a0Ils ont \u00e9t\u00e9 invit\u00e9s \u00e0 s&#8217;inscrire et \u00e0 participer au prochain Prix de Lausanne du 2 au 9 f\u00e9vrier 2020, \u00e0 Montreux. Le jury a \u00e9galement d\u00e9cid\u00e9 de remettre une &#8220;mention honorifique&#8221; \u00e0 l&#8217;un des participants.<\/p>\n<p>Les quatre danseurs s\u00e9lectionn\u00e9s sont :<\/p>\n<ul>\n<li>Matei Holeleu, Roumanie, 18 ans + 3 mois, Ballettschule Theater Basel (Suisse)<\/li>\n<\/ul>\n<p><a href=\"https:\/\/www.prixdelausanne.org\/wp-content\/uploads\/2019\/07\/PDL_summer-intensive_photo_gregory-batardon8D1A5056webfacebook.jpg\" class=\"fresco\" data-fresco-caption=\"\" data-fresco-options=\"thumbnails:false\" data-wpel-link=\"external\" target=\"_blank\" rel=\"nofollow external noopener noreferrer\"><img decoding=\"async\" class=\"size-medium wp-image-29047 aligncenter\" src=\"https:\/\/www.prixdelausanne.org\/wp-content\/uploads\/2019\/07\/PDL_summer-intensive_photo_gregory-batardon8D1A5056webfacebook-300x200.jpg\" alt=\"\" width=\"300\" height=\"200\" srcset=\"https:\/\/www.prixdelausanne.org\/wp-content\/uploads\/2019\/07\/PDL_summer-intensive_photo_gregory-batardon8D1A5056webfacebook-300x200.jpg 300w, https:\/\/www.prixdelausanne.org\/wp-content\/uploads\/2019\/07\/PDL_summer-intensive_photo_gregory-batardon8D1A5056webfacebook-800x533.jpg 800w, https:\/\/www.prixdelausanne.org\/wp-content\/uploads\/2019\/07\/PDL_summer-intensive_photo_gregory-batardon8D1A5056webfacebook-1024x683.jpg 1024w, https:\/\/www.prixdelausanne.org\/wp-content\/uploads\/2019\/07\/PDL_summer-intensive_photo_gregory-batardon8D1A5056webfacebook-1920x1280.jpg 1920w, https:\/\/www.prixdelausanne.org\/wp-content\/uploads\/2019\/07\/PDL_summer-intensive_photo_gregory-batardon8D1A5056webfacebook-1536x1024.jpg 1536w, https:\/\/www.prixdelausanne.org\/wp-content\/uploads\/2019\/07\/PDL_summer-intensive_photo_gregory-batardon8D1A5056webfacebook-900x600.jpg 900w, https:\/\/www.prixdelausanne.org\/wp-content\/uploads\/2019\/07\/PDL_summer-intensive_photo_gregory-batardon8D1A5056webfacebook-440x293.jpg 440w, https:\/\/www.prixdelausanne.org\/wp-content\/uploads\/2019\/07\/PDL_summer-intensive_photo_gregory-batardon8D1A5056webfacebook-1200x800.jpg 1200w, https:\/\/www.prixdelausanne.org\/wp-content\/uploads\/2019\/07\/PDL_summer-intensive_photo_gregory-batardon8D1A5056webfacebook.jpg 2048w\" sizes=\"(max-width: 300px) 100vw, 300px\" loading=\"lazy\" \/><\/a><\/p>\n<ul>\n<li>Ayumi Kato, Suisse, 16 ans\u00a0+ 9 mois, Ballettschule for das Opernhaus Z\u00fcrich (Suisse)<\/li>\n<\/ul>\n<p><a href=\"https:\/\/www.prixdelausanne.org\/wp-content\/uploads\/2019\/07\/PDL_summer-intensive_photo_gregory-batardon8D1A5190webfacebook.jpg\" class=\"fresco\" data-fresco-caption=\"\" data-fresco-options=\"thumbnails:false\" data-wpel-link=\"external\" target=\"_blank\" rel=\"nofollow external noopener noreferrer\"><img decoding=\"async\" class=\"size-medium wp-image-29085 aligncenter\" src=\"https:\/\/www.prixdelausanne.org\/wp-content\/uploads\/2019\/07\/PDL_summer-intensive_photo_gregory-batardon8D1A5190webfacebook-300x200.jpg\" alt=\"\" width=\"300\" height=\"200\" srcset=\"https:\/\/www.prixdelausanne.org\/wp-content\/uploads\/2019\/07\/PDL_summer-intensive_photo_gregory-batardon8D1A5190webfacebook-300x200.jpg 300w, https:\/\/www.prixdelausanne.org\/wp-content\/uploads\/2019\/07\/PDL_summer-intensive_photo_gregory-batardon8D1A5190webfacebook-800x533.jpg 800w, https:\/\/www.prixdelausanne.org\/wp-content\/uploads\/2019\/07\/PDL_summer-intensive_photo_gregory-batardon8D1A5190webfacebook-1024x683.jpg 1024w, https:\/\/www.prixdelausanne.org\/wp-content\/uploads\/2019\/07\/PDL_summer-intensive_photo_gregory-batardon8D1A5190webfacebook-1920x1280.jpg 1920w, https:\/\/www.prixdelausanne.org\/wp-content\/uploads\/2019\/07\/PDL_summer-intensive_photo_gregory-batardon8D1A5190webfacebook-1536x1024.jpg 1536w, https:\/\/www.prixdelausanne.org\/wp-content\/uploads\/2019\/07\/PDL_summer-intensive_photo_gregory-batardon8D1A5190webfacebook-900x600.jpg 900w, https:\/\/www.prixdelausanne.org\/wp-content\/uploads\/2019\/07\/PDL_summer-intensive_photo_gregory-batardon8D1A5190webfacebook-440x293.jpg 440w, https:\/\/www.prixdelausanne.org\/wp-content\/uploads\/2019\/07\/PDL_summer-intensive_photo_gregory-batardon8D1A5190webfacebook-1200x800.jpg 1200w, https:\/\/www.prixdelausanne.org\/wp-content\/uploads\/2019\/07\/PDL_summer-intensive_photo_gregory-batardon8D1A5190webfacebook.jpg 2048w\" sizes=\"(max-width: 300px) 100vw, 300px\" loading=\"lazy\" \/><\/a><\/p>\n<ul>\n<li>Alice Royal, France, 15 ans + 8 mois, L&#8217;Atelier d&#8217;Art Chor\u00e9graphique (Paris)<\/li>\n<\/ul>\n<p><a href=\"https:\/\/www.prixdelausanne.org\/wp-content\/uploads\/2019\/07\/PDL_summer-intensive_photo_gregory-batardon8D1A5253webfacebook.jpg\" class=\"fresco\" data-fresco-caption=\"\" data-fresco-options=\"thumbnails:false\" data-wpel-link=\"external\" target=\"_blank\" rel=\"nofollow external noopener noreferrer\"><img decoding=\"async\" class=\"size-medium wp-image-29111 aligncenter\" src=\"https:\/\/www.prixdelausanne.org\/wp-content\/uploads\/2019\/07\/PDL_summer-intensive_photo_gregory-batardon8D1A5253webfacebook-300x200.jpg\" alt=\"\" width=\"300\" height=\"200\" srcset=\"https:\/\/www.prixdelausanne.org\/wp-content\/uploads\/2019\/07\/PDL_summer-intensive_photo_gregory-batardon8D1A5253webfacebook-300x200.jpg 300w, https:\/\/www.prixdelausanne.org\/wp-content\/uploads\/2019\/07\/PDL_summer-intensive_photo_gregory-batardon8D1A5253webfacebook-800x533.jpg 800w, https:\/\/www.prixdelausanne.org\/wp-content\/uploads\/2019\/07\/PDL_summer-intensive_photo_gregory-batardon8D1A5253webfacebook-1024x683.jpg 1024w, https:\/\/www.prixdelausanne.org\/wp-content\/uploads\/2019\/07\/PDL_summer-intensive_photo_gregory-batardon8D1A5253webfacebook-1920x1280.jpg 1920w, https:\/\/www.prixdelausanne.org\/wp-content\/uploads\/2019\/07\/PDL_summer-intensive_photo_gregory-batardon8D1A5253webfacebook-1536x1024.jpg 1536w, https:\/\/www.prixdelausanne.org\/wp-content\/uploads\/2019\/07\/PDL_summer-intensive_photo_gregory-batardon8D1A5253webfacebook-900x600.jpg 900w, https:\/\/www.prixdelausanne.org\/wp-content\/uploads\/2019\/07\/PDL_summer-intensive_photo_gregory-batardon8D1A5253webfacebook-440x293.jpg 440w, https:\/\/www.prixdelausanne.org\/wp-content\/uploads\/2019\/07\/PDL_summer-intensive_photo_gregory-batardon8D1A5253webfacebook-1200x800.jpg 1200w, https:\/\/www.prixdelausanne.org\/wp-content\/uploads\/2019\/07\/PDL_summer-intensive_photo_gregory-batardon8D1A5253webfacebook.jpg 2048w\" sizes=\"(max-width: 300px) 100vw, 300px\" loading=\"lazy\" \/><\/a><\/p>\n<ul>\n<li>Alina Taratorin, F\u00e9d\u00e9ration de Russie, 17 ans + 3 mois, Bayer Ballet Academy (Mountain View, Californie, \u00c9tats-Unis)<\/li>\n<\/ul>\n<p><a href=\"https:\/\/www.prixdelausanne.org\/wp-content\/uploads\/2019\/07\/PDL_summer-intensive_photo_gregory-batardon8D1A5263webfacebook.jpg\" class=\"fresco\" data-fresco-caption=\"\" data-fresco-options=\"thumbnails:false\" data-wpel-link=\"external\" target=\"_blank\" rel=\"nofollow external noopener noreferrer\"><img decoding=\"async\" class=\"size-medium wp-image-29117 aligncenter\" src=\"https:\/\/www.prixdelausanne.org\/wp-content\/uploads\/2019\/07\/PDL_summer-intensive_photo_gregory-batardon8D1A5263webfacebook-300x200.jpg\" alt=\"\" width=\"300\" height=\"200\" srcset=\"https:\/\/www.prixdelausanne.org\/wp-content\/uploads\/2019\/07\/PDL_summer-intensive_photo_gregory-batardon8D1A5263webfacebook-300x200.jpg 300w, https:\/\/www.prixdelausanne.org\/wp-content\/uploads\/2019\/07\/PDL_summer-intensive_photo_gregory-batardon8D1A5263webfacebook-800x533.jpg 800w, https:\/\/www.prixdelausanne.org\/wp-content\/uploads\/2019\/07\/PDL_summer-intensive_photo_gregory-batardon8D1A5263webfacebook-1024x683.jpg 1024w, https:\/\/www.prixdelausanne.org\/wp-content\/uploads\/2019\/07\/PDL_summer-intensive_photo_gregory-batardon8D1A5263webfacebook-1920x1280.jpg 1920w, https:\/\/www.prixdelausanne.org\/wp-content\/uploads\/2019\/07\/PDL_summer-intensive_photo_gregory-batardon8D1A5263webfacebook-1536x1024.jpg 1536w, https:\/\/www.prixdelausanne.org\/wp-content\/uploads\/2019\/07\/PDL_summer-intensive_photo_gregory-batardon8D1A5263webfacebook-900x600.jpg 900w, https:\/\/www.prixdelausanne.org\/wp-content\/uploads\/2019\/07\/PDL_summer-intensive_photo_gregory-batardon8D1A5263webfacebook-440x293.jpg 440w, https:\/\/www.prixdelausanne.org\/wp-content\/uploads\/2019\/07\/PDL_summer-intensive_photo_gregory-batardon8D1A5263webfacebook-1200x800.jpg 1200w, https:\/\/www.prixdelausanne.org\/wp-content\/uploads\/2019\/07\/PDL_summer-intensive_photo_gregory-batardon8D1A5263webfacebook.jpg 2048w\" sizes=\"(max-width: 300px) 100vw, 300px\" loading=\"lazy\" \/><\/a><\/p>\n<p>La mention honorifique est remise \u00e0 :<\/p>\n<ul>\n<li>Colin Jacobs, Belgique, 17 ans, Palucca University of Dance Dresden (Allemagne)<\/li>\n<\/ul>\n<p><a href=\"https:\/\/www.prixdelausanne.org\/wp-content\/uploads\/2019\/07\/PDL_summer-intensive_photo_gregory-batardon8D1A5115webfacebook.jpg\" class=\"fresco\" data-fresco-caption=\"\" data-fresco-options=\"thumbnails:false\" data-wpel-link=\"external\" target=\"_blank\" rel=\"nofollow external noopener noreferrer\"><img decoding=\"async\" class=\"size-medium wp-image-29063 aligncenter\" src=\"https:\/\/www.prixdelausanne.org\/wp-content\/uploads\/2019\/07\/PDL_summer-intensive_photo_gregory-batardon8D1A5115webfacebook-300x200.jpg\" alt=\"\" width=\"300\" height=\"200\" srcset=\"https:\/\/www.prixdelausanne.org\/wp-content\/uploads\/2019\/07\/PDL_summer-intensive_photo_gregory-batardon8D1A5115webfacebook-300x200.jpg 300w, https:\/\/www.prixdelausanne.org\/wp-content\/uploads\/2019\/07\/PDL_summer-intensive_photo_gregory-batardon8D1A5115webfacebook-800x533.jpg 800w, https:\/\/www.prixdelausanne.org\/wp-content\/uploads\/2019\/07\/PDL_summer-intensive_photo_gregory-batardon8D1A5115webfacebook-1024x683.jpg 1024w, https:\/\/www.prixdelausanne.org\/wp-content\/uploads\/2019\/07\/PDL_summer-intensive_photo_gregory-batardon8D1A5115webfacebook-1920x1280.jpg 1920w, https:\/\/www.prixdelausanne.org\/wp-content\/uploads\/2019\/07\/PDL_summer-intensive_photo_gregory-batardon8D1A5115webfacebook-1536x1024.jpg 1536w, https:\/\/www.prixdelausanne.org\/wp-content\/uploads\/2019\/07\/PDL_summer-intensive_photo_gregory-batardon8D1A5115webfacebook-900x600.jpg 900w, https:\/\/www.prixdelausanne.org\/wp-content\/uploads\/2019\/07\/PDL_summer-intensive_photo_gregory-batardon8D1A5115webfacebook-440x293.jpg 440w, https:\/\/www.prixdelausanne.org\/wp-content\/uploads\/2019\/07\/PDL_summer-intensive_photo_gregory-batardon8D1A5115webfacebook-1200x800.jpg 1200w, https:\/\/www.prixdelausanne.org\/wp-content\/uploads\/2019\/07\/PDL_summer-intensive_photo_gregory-batardon8D1A5115webfacebook.jpg 2048w\" sizes=\"(max-width: 300px) 100vw, 300px\" loading=\"lazy\" \/><\/a><\/p>\n<\/div>","protected":false},"excerpt":{"rendered":"<p>Nous sommes fiers d&#8217;annoncer les noms des quatre jeunes danseurs s\u00e9lectionn\u00e9s apr\u00e8s la semaine de classes et de sessions de coaching du premier stage d&#8217;\u00e9t\u00e9 organis\u00e9 par le Prix de Lausanne !\u00a0Ils ont \u00e9t\u00e9 invit\u00e9s \u00e0 s&#8217;inscrire et \u00e0 participer au prochain Prix de Lausanne du 2 au 9 f\u00e9vrier 2020, \u00e0 Montreux. Le jury [&hellip;]<\/p>\n","protected":false},"author":7512,"featured_media":30033,"comment_status":"closed","ping_status":"closed","sticky":false,"template":"","format":"standard","meta":{"_acf_changed":false,"_monsterinsights_skip_tracking":false,"_monsterinsights_sitenote_active":false,"_monsterinsights_sitenote_note":"","_monsterinsights_sitenote_category":0,"footnotes":""},"categories":[70,141,196],"tags":[],"class_list":["post-28718","post","type-post","status-publish","format-standard","has-post-thumbnail","hentry","category-candidats","category-preselections","category-prix-de-lausanne-2020"],"acf":[],"_links":{"self":[{"href":"https:\/\/www.prixdelausanne.org\/fr\/wp-json\/wp\/v2\/posts\/28718","targetHints":{"allow":["GET"]}}],"collection":[{"href":"https:\/\/www.prixdelausanne.org\/fr\/wp-json\/wp\/v2\/posts"}],"about":[{"href":"https:\/\/www.prixdelausanne.org\/fr\/wp-json\/wp\/v2\/types\/post"}],"author":[{"embeddable":true,"href":"https:\/\/www.prixdelausanne.org\/fr\/wp-json\/wp\/v2\/users\/7512"}],"replies":[{"embeddable":true,"href":"https:\/\/www.prixdelausanne.org\/fr\/wp-json\/wp\/v2\/comments?post=28718"}],"version-history":[{"count":0,"href":"https:\/\/www.prixdelausanne.org\/fr\/wp-json\/wp\/v2\/posts\/28718\/revisions"}],"wp:featuredmedia":[{"embeddable":true,"href":"https:\/\/www.prixdelausanne.org\/fr\/wp-json\/wp\/v2\/media\/30033"}],"wp:attachment":[{"href":"https:\/\/www.prixdelausanne.org\/fr\/wp-json\/wp\/v2\/media?parent=28718"}],"wp:term":[{"taxonomy":"category","embeddable":true,"href":"https:\/\/www.prixdelausanne.org\/fr\/wp-json\/wp\/v2\/categories?post=28718"},{"taxonomy":"post_tag","embeddable":true,"href":"https:\/\/www.prixdelausanne.org\/fr\/wp-json\/wp\/v2\/tags?post=28718"}],"curies":[{"name":"wp","href":"https:\/\/api.w.org\/{rel}","templated":true}]}}