 {"id":27966,"date":"2019-04-01T13:51:18","date_gmt":"2019-04-01T11:51:18","guid":{"rendered":"https:\/\/www.prixdelausanne.org\/?p=27966"},"modified":"2019-07-01T11:40:35","modified_gmt":"2019-07-01T09:40:35","slug":"ecoles-compagnies-choisies-par-les-laureats-2019","status":"publish","type":"post","link":"https:\/\/www.prixdelausanne.org\/fr\/ecoles-compagnies-choisies-par-les-laureats-2019\/","title":{"rendered":"\u00c9coles &#038; compagnies choisies par les laur\u00e9ats 2019"},"content":{"rendered":"<div class=\"the-content\"><p><strong>Les 8\u00a0laur\u00e9ats 2019 ont choisi l&#8217;\u00e9cole ou la compagnie qu&#8217;ils int\u00e9greront \u00e0 la prochaine saison ! D\u00e9couvrez leurs choix ci-dessous :\u00a0<\/strong><\/p>\n<div id=\"attachment_27950\" style=\"width: 310px\" class=\"wp-caption aligncenter\"><a href=\"https:\/\/www.prixdelausanne.org\/wp-content\/uploads\/2019\/02\/RBS_5936.HD_-1.jpg\" class=\"fresco\" data-fresco-caption=\"\" data-fresco-options=\"thumbnails:false\" data-wpel-link=\"external\" target=\"_blank\" rel=\"nofollow external noopener noreferrer\"><img decoding=\"async\" aria-describedby=\"caption-attachment-27950\" class=\"wp-image-27950 size-medium\" src=\"https:\/\/www.prixdelausanne.org\/wp-content\/uploads\/2019\/02\/RBS_5936.HD_-1-300x200.jpg\" alt=\"\" width=\"300\" height=\"200\" srcset=\"https:\/\/www.prixdelausanne.org\/wp-content\/uploads\/2019\/02\/RBS_5936.HD_-1-300x200.jpg 300w, https:\/\/www.prixdelausanne.org\/wp-content\/uploads\/2019\/02\/RBS_5936.HD_-1-800x533.jpg 800w, https:\/\/www.prixdelausanne.org\/wp-content\/uploads\/2019\/02\/RBS_5936.HD_-1-1024x683.jpg 1024w, https:\/\/www.prixdelausanne.org\/wp-content\/uploads\/2019\/02\/RBS_5936.HD_-1-1920x1280.jpg 1920w, https:\/\/www.prixdelausanne.org\/wp-content\/uploads\/2019\/02\/RBS_5936.HD_-1-1536x1024.jpg 1536w, https:\/\/www.prixdelausanne.org\/wp-content\/uploads\/2019\/02\/RBS_5936.HD_-1-2048x1366.jpg 2048w, https:\/\/www.prixdelausanne.org\/wp-content\/uploads\/2019\/02\/RBS_5936.HD_-1-900x600.jpg 900w, https:\/\/www.prixdelausanne.org\/wp-content\/uploads\/2019\/02\/RBS_5936.HD_-1-440x293.jpg 440w, https:\/\/www.prixdelausanne.org\/wp-content\/uploads\/2019\/02\/RBS_5936.HD_-1-1200x800.jpg 1200w\" sizes=\"(max-width: 300px) 100vw, 300px\" loading=\"lazy\" \/><\/a><p id=\"caption-attachment-27950\" class=\"wp-caption-text\">\u00a9GregoryBatardon<\/p><\/div>\n<p>1-\u00a0<strong><a href=\"https:\/\/www.prixdelausanne.org\/winners\/mackenzie-brown\/\" target=\"_blank\" rel=\"noopener noreferrer nofollow external\" data-wpel-link=\"external\">BROWN Mackenzie<\/a><\/strong> \u2013\u00a0\u00c9tat-Unis<em><br \/>\n<\/em><\/p>\n<p>\u00c9cole choisie : l&#8217;<a href=\"https:\/\/www.balletsdemontecarlo.com\/fr\/academie-princesse-grace\/formations\" target=\"_blank\" rel=\"noopener noreferrer nofollow external\" data-wpel-link=\"external\">Acad\u00e9mie Princesse Grace<\/a> (Monaco) \/\u00a0Bourse d&#8217;\u00e9tude offerte par la\u00a0Fondation Caris &#8211; Jeune Espoir<\/p>\n<p>2-\u00a0<a href=\"https:\/\/www.prixdelausanne.org\/winners\/gabriel-figueredo\/\" target=\"_blank\" rel=\"noopener noreferrer nofollow external\" data-wpel-link=\"external\"><strong>FIGUEREDO Gabriel<\/strong><\/a> \u2013 Br\u00e9sil<em><br \/>\n<\/em><\/p>\n<p>A renonc\u00e9 \u00e0 sa bourse d&#8217;apprentissage et a accept\u00e9 un contrat au\u00a0<a href=\"https:\/\/www.stuttgart-ballet.de\/home\/\" target=\"_blank\" rel=\"noopener noreferrer nofollow external\" data-wpel-link=\"external\">Stuttgart Ballet<\/a>. La bourse est offerte \u00e0 :<\/p>\n<p><strong><a href=\"https:\/\/www.prixdelausanne.org\/fr\/winners\/yoon-jung-seo\/\" target=\"_blank\" rel=\"noopener noreferrer\" data-wpel-link=\"internal\">SEO Yoon Jung<\/a><\/strong> &#8211; Cor\u00e9e du Sud<\/p>\n<p>Compagnie\u00a0choisie : l&#8217;<a href=\"https:\/\/www.abt.org\/training\/dancer-training\/abt-studio-company\/\" target=\"_blank\" rel=\"noopener noreferrer nofollow external\" data-wpel-link=\"external\">ABT Studio Company<\/a>\u00a0(New York) \/\u00a0 Bourse d&#8217;apprentissage offerte par la\u00a0Oak Foundation<\/p>\n<p>3-<strong>\u00a0<a href=\"https:\/\/www.prixdelausanne.org\/winners\/sumina-sasaki\/\" target=\"_blank\" rel=\"noopener noreferrer nofollow external\" data-wpel-link=\"external\">SASAKI Sumina<\/a><\/strong> \u2013 Japon<\/p>\n<p>Compagnie\u00a0choisie : le <a href=\"http:\/\/www.roh.org.uk\/about\/the-royal-ballet\" target=\"_blank\" rel=\"noopener noreferrer nofollow external\" data-wpel-link=\"external\">Royal Ballet<\/a> (Londres) \/\u00a0Bourse d&#8217;apprentissage offerte par <a href=\"https:\/\/www.emilechouriet.ch\" target=\"_blank\" rel=\"noopener noreferrer nofollow external\" data-wpel-link=\"external\">\u00c9mile Chouriet<\/a><\/p>\n<p>4-\u00a0<strong><a href=\"https:\/\/www.prixdelausanne.org\/winners\/yu-wakizuka\/\" target=\"_blank\" rel=\"noopener noreferrer nofollow external\" data-wpel-link=\"external\">WAKIZUKA Yu<\/a><\/strong> \u2013 Japon<em><br \/>\n<\/em><\/p>\n<p>\u00c9cole choisie : le\u00a0<a href=\"https:\/\/www.sfballet.org\/school\/trainee-program\" target=\"_blank\" rel=\"noopener noreferrer nofollow external\" data-wpel-link=\"external\">San\u00a0Francisco Ballet School (Trainee Program)<\/a> \/\u00a0Bourse d&#8217;\u00e9tude offerte par le\u00a0<a href=\"https:\/\/www.brp.ch\/accueil\/\" target=\"_blank\" rel=\"noopener noreferrer nofollow external\" data-wpel-link=\"external\">Beau-Rivage Palace<\/a><\/p>\n<p>5-\u00a0<strong><a href=\"https:\/\/www.prixdelausanne.org\/winners\/shuailun-wu\/\" target=\"_blank\" rel=\"noopener noreferrer nofollow external\" data-wpel-link=\"external\">WU Shuailun<\/a><\/strong> \u2013 Chine<em><br \/>\n<\/em><\/p>\n<p>\u00c9cole choisie : la\u00a0<a href=\"https:\/\/www.royalballetschool.org.uk\" target=\"_blank\" rel=\"noopener noreferrer nofollow external\" data-wpel-link=\"external\">Royal Ballet School<\/a> (Londres) \/\u00a0Bourse d&#8217;\u00e9tude offerte par la\u00a0Fondation Albert Amon<\/p>\n<p>6-\u00a0<strong><a href=\"https:\/\/www.prixdelausanne.org\/winners\/joao-vitor-da-silva\/\" target=\"_blank\" rel=\"noopener noreferrer nofollow external\" data-wpel-link=\"external\">DA SILVA\u00a0Jo\u00e3o Vitor<\/a><\/strong> \u2013 Br\u00e9sil<em><br \/>\n<\/em><\/p>\n<p>\u00c9cole choisie : la\u00a0<a href=\"https:\/\/www.sfballet.org\/school\" target=\"_blank\" rel=\"noopener noreferrer nofollow external\" data-wpel-link=\"external\">San Fransisco Ballet School<\/a> \/\u00a0Bourse d&#8217;\u00e9tude offerte par la Bourse Jeune Espoir<\/p>\n<p>7-\u00a0<a href=\"https:\/\/www.prixdelausanne.org\/winners\/alexandre-joaquim\/\" target=\"_blank\" rel=\"noopener noreferrer nofollow external\" data-wpel-link=\"external\"><strong>JOAQUIM Alexandre<\/strong><\/a> \u2013 Portugal<em><br \/>\n<\/em><\/p>\n<p>Compagnie choisie : les <a href=\"https:\/\/www.balletsdemontecarlo.com\/fr\" target=\"_blank\" rel=\"noopener noreferrer nofollow external\" data-wpel-link=\"external\">Ballets de Monte Carlo<\/a> \/\u00a0Bourse d&#8217;apprentissage offerte par la Fondation Coromandel<\/p>\n<p>8-\u00a0<a href=\"https:\/\/www.prixdelausanne.org\/winners\/mio-sumiyama\/\" target=\"_blank\" rel=\"noopener noreferrer nofollow external\" data-wpel-link=\"external\"><strong>SUMIYAMA Mio<\/strong><\/a> \u2013 Japon<em><br \/>\n<\/em><\/p>\n<p>Compagnie choisie : le\u00a0<a href=\"https:\/\/www.brb.org.uk\" target=\"_blank\" rel=\"noopener noreferrer nofollow external\" data-wpel-link=\"external\">Birmingham Royal Ballet<\/a> \/\u00a0Bourse d&#8217;apprentissage offerte par\u00a0<a href=\"http:\/\/euro.harlequinfloors.com\/fr\/\" target=\"_blank\" rel=\"noopener noreferrer nofollow external\" data-wpel-link=\"external\">Harlequin Floors<\/a><\/p>\n<\/div>","protected":false},"excerpt":{"rendered":"<p>Les 8\u00a0laur\u00e9ats 2019 ont choisi l&#8217;\u00e9cole ou la compagnie qu&#8217;ils int\u00e9greront \u00e0 la prochaine saison ! D\u00e9couvrez leurs choix ci-dessous :\u00a0 1-\u00a0BROWN Mackenzie \u2013\u00a0\u00c9tat-Unis \u00c9cole choisie : l&#8217;Acad\u00e9mie Princesse Grace (Monaco) \/\u00a0Bourse d&#8217;\u00e9tude offerte par la\u00a0Fondation Caris &#8211; Jeune Espoir 2-\u00a0FIGUEREDO Gabriel \u2013 Br\u00e9sil A renonc\u00e9 \u00e0 sa bourse d&#8217;apprentissage et a accept\u00e9 un contrat [&hellip;]<\/p>\n","protected":false},"author":7508,"featured_media":27740,"comment_status":"closed","ping_status":"closed","sticky":false,"template":"","format":"standard","meta":{"_acf_changed":false,"_monsterinsights_skip_tracking":false,"_monsterinsights_sitenote_active":false,"_monsterinsights_sitenote_note":"","_monsterinsights_sitenote_category":0,"footnotes":""},"categories":[70,133,164,188],"tags":[],"class_list":["post-27966","post","type-post","status-publish","format-standard","has-post-thumbnail","hentry","category-candidats","category-laureats","category-partners-fr","category-prix-de-lausanne-2019"],"acf":[],"_links":{"self":[{"href":"https:\/\/www.prixdelausanne.org\/fr\/wp-json\/wp\/v2\/posts\/27966","targetHints":{"allow":["GET"]}}],"collection":[{"href":"https:\/\/www.prixdelausanne.org\/fr\/wp-json\/wp\/v2\/posts"}],"about":[{"href":"https:\/\/www.prixdelausanne.org\/fr\/wp-json\/wp\/v2\/types\/post"}],"author":[{"embeddable":true,"href":"https:\/\/www.prixdelausanne.org\/fr\/wp-json\/wp\/v2\/users\/7508"}],"replies":[{"embeddable":true,"href":"https:\/\/www.prixdelausanne.org\/fr\/wp-json\/wp\/v2\/comments?post=27966"}],"version-history":[{"count":0,"href":"https:\/\/www.prixdelausanne.org\/fr\/wp-json\/wp\/v2\/posts\/27966\/revisions"}],"wp:featuredmedia":[{"embeddable":true,"href":"https:\/\/www.prixdelausanne.org\/fr\/wp-json\/wp\/v2\/media\/27740"}],"wp:attachment":[{"href":"https:\/\/www.prixdelausanne.org\/fr\/wp-json\/wp\/v2\/media?parent=27966"}],"wp:term":[{"taxonomy":"category","embeddable":true,"href":"https:\/\/www.prixdelausanne.org\/fr\/wp-json\/wp\/v2\/categories?post=27966"},{"taxonomy":"post_tag","embeddable":true,"href":"https:\/\/www.prixdelausanne.org\/fr\/wp-json\/wp\/v2\/tags?post=27966"}],"curies":[{"name":"wp","href":"https:\/\/api.w.org\/{rel}","templated":true}]}}