 {"id":26922,"date":"2019-02-09T18:32:37","date_gmt":"2019-02-09T17:32:37","guid":{"rendered":"https:\/\/www.prixdelausanne.org\/?p=26922"},"modified":"2019-02-28T15:15:31","modified_gmt":"2019-02-28T14:15:31","slug":"laureats-2019","status":"publish","type":"post","link":"https:\/\/www.prixdelausanne.org\/fr\/laureats-2019\/","title":{"rendered":"Laur\u00e9ats 2019"},"content":{"rendered":"<div class=\"the-content\"><p><a href=\"https:\/\/www.prixdelausanne.org\/wp-content\/uploads\/2019\/02\/WhatsApp-Image-2019-02-09-at-18.26.40.jpeg\" class=\"fresco\" data-fresco-caption=\"\" data-fresco-options=\"thumbnails:false\" data-wpel-link=\"external\" target=\"_blank\" rel=\"nofollow external noopener noreferrer\"><img decoding=\"async\" class=\" wp-image-27177 aligncenter\" src=\"https:\/\/www.prixdelausanne.org\/wp-content\/uploads\/2019\/02\/WhatsApp-Image-2019-02-09-at-18.26.40-300x225.jpeg\" alt=\"\" width=\"369\" height=\"277\" srcset=\"https:\/\/www.prixdelausanne.org\/wp-content\/uploads\/2019\/02\/WhatsApp-Image-2019-02-09-at-18.26.40-300x225.jpeg 300w, https:\/\/www.prixdelausanne.org\/wp-content\/uploads\/2019\/02\/WhatsApp-Image-2019-02-09-at-18.26.40-800x600.jpeg 800w, https:\/\/www.prixdelausanne.org\/wp-content\/uploads\/2019\/02\/WhatsApp-Image-2019-02-09-at-18.26.40-1024x768.jpeg 1024w, https:\/\/www.prixdelausanne.org\/wp-content\/uploads\/2019\/02\/WhatsApp-Image-2019-02-09-at-18.26.40-1536x1152.jpeg 1536w, https:\/\/www.prixdelausanne.org\/wp-content\/uploads\/2019\/02\/WhatsApp-Image-2019-02-09-at-18.26.40.jpeg 1600w\" sizes=\"(max-width: 369px) 100vw, 369px\" loading=\"lazy\" \/><\/a><\/p>\n<p>Sur les 81 candidats initialement s\u00e9lectionn\u00e9s pour la 47<sup>e<\/sup> \u00e9dition, 74 ont pris part \u00e0 la semaine du concours et 21 ont acc\u00e9d\u00e9 \u00e0 la Finale qui s\u2019est tenue samedi, devant une salle comble, au Th\u00e9\u00e2tre de Beaulieu.<\/p>\n<p>\u00c0 l\u2019issue de la Finale, le jury, pr\u00e9sid\u00e9 cette ann\u00e9e par le danseur star et m\u00e9daille d\u2019or du Prix de Lausanne 1990 Carlos Acosta, a choisi 8 laur\u00e9ats. Gr\u00e2ce \u00e0 leurs bourses, ces 8 danseurs talentueux auront l\u2019opportunit\u00e9 de choisir l\u2019\u00e9cole ou la compagnie qu\u2019ils int\u00e9greront, parmi les prestigieuses institutions\u00a0partenaires du Prix de Lausanne.<\/p>\n<p><span style=\"text-decoration: underline;\"><strong>Les 8 laur\u00e9ats du Prix de Lausanne 2019 sont\u00a0<\/strong>:<\/span><\/p>\n<p><strong>FONDATION CARIS \u2013\u00a0<em>JEUNE ESPOIR<br \/>\n<\/em><\/strong>126 &#8211; BROWN Mackenzie \u2013\u00a0\u00c9tats-Unis<\/p>\n<p><strong>OAK FOUNDATION<br \/>\n<\/strong>416 &#8211;\u00a0FIGUEREDO Gabriel &#8211; Br\u00e9sil<\/p>\n<p><strong>EMILE CHOURIET<br \/>\n<\/strong>313 &#8211; SASAKI Sumina &#8211; Japon<\/p>\n<p><strong>BEAU-RIVAGE PALACE<br \/>\n<\/strong>408 &#8211;\u00a0WAKIZUKA Yu &#8211; Japon<\/p>\n<p><strong>FONDATION ALBERT AMON<br \/>\n<\/strong>412 &#8211;\u00a0WU Shuailun &#8211; Chine<\/p>\n<p><strong>BOURSE JEUNE ESPOIR<br \/>\n<\/strong>203 &#8211; DA SILVA\u00a0Jo\u00e3o Vitor &#8211; Br\u00e9sil<\/p>\n<p><strong>FONDATION COROMANDEL<br \/>\n<\/strong>418 &#8211; JOAQUIM Alexandre &#8211; Portugal<\/p>\n<p><strong>HARLEQUIN FLOORS<br \/>\n<\/strong>316 &#8211; SUMIYAMA Mio &#8211; Japon<\/p>\n<p><span style=\"text-decoration: underline;\"><strong>Autres prix<\/strong><\/span><\/p>\n<p><strong>MINERVA KUNSTSTIFTUNG<br \/>\nPrix d\u2019interpr\u00e9tation contemporaine :<\/strong> 126 &#8211; BROWN Mackenzie &#8211; \u00c9tats-Unis<strong><br \/>\n<\/strong><\/p>\n<p><strong>NUREYEV FOUNDATION<br \/>\nPrix du meilleur jeune talent : <\/strong>117 &#8211; SHUGART Julia &#8211;\u00a0\u00c9tats-Unis<strong><br \/>\n<\/strong><\/p>\n<p><strong>DONATEUR ANONYME<br \/>\nPrix du meilleur candidat suisse : <\/strong>313 &#8211; SASAKI Sumina &#8211; Japon<strong><br \/>\n<\/strong><\/p>\n<p><em><strong>Prix du public :\u00a0<\/strong>126 &#8211; BROWN Mackenzie &#8211; \u00c9tats-Unis<\/em><\/p>\n<p><em><strong>Prix du public web : <\/strong>125 &#8211; CHOI Jihyun &#8211; Cor\u00e9e du Sud<\/em><\/p>\n<p><strong>Prix du finaliste : <\/strong>les finalistes \u00e0 qui aucune bourse n&#8217;est attribu\u00e9e re\u00e7oivent le\u00a0Prix du Finaliste (une somme de CHF 1000.-) offert par Bobst.<\/p>\n<\/div>","protected":false},"excerpt":{"rendered":"<p>Sur les 81 candidats initialement s\u00e9lectionn\u00e9s pour la 47e \u00e9dition, 74 ont pris part \u00e0 la semaine du concours et 21 ont acc\u00e9d\u00e9 \u00e0 la Finale qui s\u2019est tenue samedi, devant une salle comble, au Th\u00e9\u00e2tre de Beaulieu. \u00c0 l\u2019issue de la Finale, le jury, pr\u00e9sid\u00e9 cette ann\u00e9e par le danseur star et m\u00e9daille d\u2019or [&hellip;]<\/p>\n","protected":false},"author":7508,"featured_media":27177,"comment_status":"closed","ping_status":"closed","sticky":false,"template":"","format":"standard","meta":{"_acf_changed":false,"_monsterinsights_skip_tracking":false,"_monsterinsights_sitenote_active":false,"_monsterinsights_sitenote_note":"","_monsterinsights_sitenote_category":0,"footnotes":""},"categories":[70,133,188],"tags":[],"class_list":["post-26922","post","type-post","status-publish","format-standard","has-post-thumbnail","hentry","category-candidats","category-laureats","category-prix-de-lausanne-2019"],"acf":[],"_links":{"self":[{"href":"https:\/\/www.prixdelausanne.org\/fr\/wp-json\/wp\/v2\/posts\/26922","targetHints":{"allow":["GET"]}}],"collection":[{"href":"https:\/\/www.prixdelausanne.org\/fr\/wp-json\/wp\/v2\/posts"}],"about":[{"href":"https:\/\/www.prixdelausanne.org\/fr\/wp-json\/wp\/v2\/types\/post"}],"author":[{"embeddable":true,"href":"https:\/\/www.prixdelausanne.org\/fr\/wp-json\/wp\/v2\/users\/7508"}],"replies":[{"embeddable":true,"href":"https:\/\/www.prixdelausanne.org\/fr\/wp-json\/wp\/v2\/comments?post=26922"}],"version-history":[{"count":0,"href":"https:\/\/www.prixdelausanne.org\/fr\/wp-json\/wp\/v2\/posts\/26922\/revisions"}],"wp:featuredmedia":[{"embeddable":true,"href":"https:\/\/www.prixdelausanne.org\/fr\/wp-json\/wp\/v2\/media\/27177"}],"wp:attachment":[{"href":"https:\/\/www.prixdelausanne.org\/fr\/wp-json\/wp\/v2\/media?parent=26922"}],"wp:term":[{"taxonomy":"category","embeddable":true,"href":"https:\/\/www.prixdelausanne.org\/fr\/wp-json\/wp\/v2\/categories?post=26922"},{"taxonomy":"post_tag","embeddable":true,"href":"https:\/\/www.prixdelausanne.org\/fr\/wp-json\/wp\/v2\/tags?post=26922"}],"curies":[{"name":"wp","href":"https:\/\/api.w.org\/{rel}","templated":true}]}}