 {"id":24994,"date":"2019-01-17T16:22:36","date_gmt":"2019-01-17T15:22:36","guid":{"rendered":"https:\/\/www.prixdelausanne.org\/?p=24994"},"modified":"2019-01-17T17:48:48","modified_gmt":"2019-01-17T16:48:48","slug":"campagne-de-crowdfunding-2019","status":"publish","type":"post","link":"https:\/\/www.prixdelausanne.org\/fr\/campagne-de-crowdfunding-2019\/","title":{"rendered":"Campagne de crowdfunding 2019"},"content":{"rendered":"<div class=\"the-content\"><h3>Faites un don pour soutenir les deux laur\u00e9ats des Prix du public !<\/h3>\n<h4>Pourquoi faire un don ?<\/h4>\n<p>Tr\u00e8s souvent, les\u00a0laur\u00e9ats du Prix de Lausanne doivent faire leur\u00a0propre campagne de r\u00e9colte de fonds pour pouvoir payer les frais li\u00e9s \u00e0 l&#8217;int\u00e9gration dans leur\u00a0nouvelle \u00e9cole ou compagnie partenaire. Gr\u00e2ce \u00e0 votre aide, les\u00a0laur\u00e9ats 2019\u00a0du\u00a0<u>Prix du public<\/u> et <u>Prix du public web<\/u>\u00a0pourront\u00a0plus facilement r\u00e9aliser leur\u00a0r\u00eave\u00a0!<\/p>\n<ol>\n<li><strong>Soutenez <\/strong>les danseurs qui remporteront\u00a0le Prix du public et Prix du public web\u00a0lors de la prochaine Finale du Prix de Lausanne, en participant \u00e0\u00a0leurs frais de\u00a0voyage, de\u00a0logement et de\u00a0repas pour\u00a0leur entr\u00e9e dans\u00a0l\u2019\u00e9cole\u00a0ou la compagnie partenaire qu&#8217;ils auront\u00a0choisie.<\/li>\n<li>Aidez\u00a0\u00e0 <strong>ouvrir\u00a0les portes<\/strong> des plus grandes \u00e9coles et compagnies de danse du monde \u00e0\u00a0ces jeunes danseurs !<\/li>\n<li>Contribuez \u00e0 la mission du Prix de Lausanne qui est de <strong>r\u00e9v\u00e9ler le potentiel <\/strong>exceptionnel de jeunes danseurs du monde entier en leur donnant l&#8217;opportunit\u00e9 de se pr\u00e9senter devant un jury compos\u00e9 des plus grands noms de la danse !<\/li>\n<\/ol>\n<div id=\"attachment_24996\" style=\"width: 310px\" class=\"wp-caption alignleft\"><a href=\"https:\/\/www.prixdelausanne.org\/wp-content\/uploads\/2019\/01\/RBUAS20180131-0045.jpg\" class=\"fresco\" data-fresco-caption=\"\" data-fresco-options=\"thumbnails:false\" data-wpel-link=\"external\" target=\"_blank\" rel=\"nofollow external noopener noreferrer\"><img decoding=\"async\" aria-describedby=\"caption-attachment-24996\" class=\"wp-image-24996 size-medium\" src=\"https:\/\/www.prixdelausanne.org\/wp-content\/uploads\/2019\/01\/RBUAS20180131-0045-300x200.jpg\" alt=\"\" width=\"300\" height=\"200\" srcset=\"https:\/\/www.prixdelausanne.org\/wp-content\/uploads\/2019\/01\/RBUAS20180131-0045-300x200.jpg 300w, https:\/\/www.prixdelausanne.org\/wp-content\/uploads\/2019\/01\/RBUAS20180131-0045-800x533.jpg 800w, https:\/\/www.prixdelausanne.org\/wp-content\/uploads\/2019\/01\/RBUAS20180131-0045-1024x683.jpg 1024w, https:\/\/www.prixdelausanne.org\/wp-content\/uploads\/2019\/01\/RBUAS20180131-0045-1920x1280.jpg 1920w, https:\/\/www.prixdelausanne.org\/wp-content\/uploads\/2019\/01\/RBUAS20180131-0045-1536x1024.jpg 1536w, https:\/\/www.prixdelausanne.org\/wp-content\/uploads\/2019\/01\/RBUAS20180131-0045-2048x1366.jpg 2048w, https:\/\/www.prixdelausanne.org\/wp-content\/uploads\/2019\/01\/RBUAS20180131-0045-900x600.jpg 900w, https:\/\/www.prixdelausanne.org\/wp-content\/uploads\/2019\/01\/RBUAS20180131-0045-440x293.jpg 440w, https:\/\/www.prixdelausanne.org\/wp-content\/uploads\/2019\/01\/RBUAS20180131-0045-1200x800.jpg 1200w\" sizes=\"(max-width: 300px) 100vw, 300px\" loading=\"lazy\" \/><\/a><p id=\"caption-attachment-24996\" class=\"wp-caption-text\">\u00a9RodrigoBuas<\/p><\/div>\n<div id=\"attachment_25010\" style=\"width: 310px\" class=\"wp-caption alignleft\"><a href=\"https:\/\/www.prixdelausanne.org\/wp-content\/uploads\/2019\/01\/RBUAS20180203-0106.jpg\" class=\"fresco\" data-fresco-caption=\"\" data-fresco-options=\"thumbnails:false\" data-wpel-link=\"external\" target=\"_blank\" rel=\"nofollow external noopener noreferrer\"><img decoding=\"async\" aria-describedby=\"caption-attachment-25010\" class=\"wp-image-25010 size-medium\" src=\"https:\/\/www.prixdelausanne.org\/wp-content\/uploads\/2019\/01\/RBUAS20180203-0106-300x200.jpg\" alt=\"\" width=\"300\" height=\"200\" srcset=\"https:\/\/www.prixdelausanne.org\/wp-content\/uploads\/2019\/01\/RBUAS20180203-0106-300x200.jpg 300w, https:\/\/www.prixdelausanne.org\/wp-content\/uploads\/2019\/01\/RBUAS20180203-0106-800x533.jpg 800w, https:\/\/www.prixdelausanne.org\/wp-content\/uploads\/2019\/01\/RBUAS20180203-0106-1024x683.jpg 1024w, https:\/\/www.prixdelausanne.org\/wp-content\/uploads\/2019\/01\/RBUAS20180203-0106-1920x1280.jpg 1920w, https:\/\/www.prixdelausanne.org\/wp-content\/uploads\/2019\/01\/RBUAS20180203-0106-1536x1024.jpg 1536w, https:\/\/www.prixdelausanne.org\/wp-content\/uploads\/2019\/01\/RBUAS20180203-0106-2048x1366.jpg 2048w, https:\/\/www.prixdelausanne.org\/wp-content\/uploads\/2019\/01\/RBUAS20180203-0106-900x600.jpg 900w, https:\/\/www.prixdelausanne.org\/wp-content\/uploads\/2019\/01\/RBUAS20180203-0106-440x293.jpg 440w, https:\/\/www.prixdelausanne.org\/wp-content\/uploads\/2019\/01\/RBUAS20180203-0106-1200x800.jpg 1200w\" sizes=\"(max-width: 300px) 100vw, 300px\" loading=\"lazy\" \/><\/a><p id=\"caption-attachment-25010\" class=\"wp-caption-text\">\u00a9RodrigoBuas<\/p><\/div>\n<h4>Qu&#8217;est-ce que le\u00a0Prix du public et le Prix du public web\u00a0?<\/h4>\n<p><em>La somme r\u00e9colt\u00e9e lors de cette campagne de crowdfunding\u00a0sera partag\u00e9e entre les deux gagnants (Prix du public et du Prix du public web).<\/em><\/p>\n<ul>\n<li>Le Prix du public est l\u2019expression d\u2019un coup de coeur que le public du Th\u00e9\u00e2tre de Beaulieu\u00a0a pour l\u2019un\/e des finalistes. Ce prix est d\u00e9cern\u00e9 au\/\u00e0 la finaliste qui remporte\u00a0le plus de voix exprim\u00e9es, dans la salle, le jour de la Finale. Pour voter, envoyez\u00a0le code PDL suivi du num\u00e9ro de dossard de votre finaliste pr\u00e9f\u00e9r\u00e9 par SMS\u00a0au num\u00e9ro 939 (20cts par SMS). Ex : PDL 143. Seules les personnes ayant un\u00a0op\u00e9rateur suisse peuvent proc\u00e9der au vote.<\/li>\n<li>Le Prix du public web\u00a0est d\u00e9cern\u00e9 au candidat ayant remport\u00e9 le plus de votes aupr\u00e8s des web\u00a0spectateurs qui ont suivi le concours gr\u00e2ce au live-streaming. Les votes se font\u00a0en ligne le jour de la Finale, directement sur le site d\u2019<a href=\"https:\/\/www.arte.tv\/fr\/videos\/RC-014432\/prix-de-lausanne\/\" target=\"_blank\" rel=\"noopener nofollow external noreferrer\" data-wpel-link=\"external\">Arte Concert<\/a>.<\/li>\n<\/ul>\n<h2 style=\"text-align: center;\">Pour faire un don, cliquez <a href=\"https:\/\/igg.me\/at\/p-yLt5-SYes\/x\/18025503\" target=\"_blank\" rel=\"noopener nofollow external noreferrer\" data-wpel-link=\"external\">ici<\/a><\/h2>\n<\/div>","protected":false},"excerpt":{"rendered":"<p>Faites un don pour soutenir les deux laur\u00e9ats des Prix du public ! Pourquoi faire un don ? Tr\u00e8s souvent, les\u00a0laur\u00e9ats du Prix de Lausanne doivent faire leur\u00a0propre campagne de r\u00e9colte de fonds pour pouvoir payer les frais li\u00e9s \u00e0 l&#8217;int\u00e9gration dans leur\u00a0nouvelle \u00e9cole ou compagnie partenaire. Gr\u00e2ce \u00e0 votre aide, les\u00a0laur\u00e9ats 2019\u00a0du\u00a0Prix du public [&hellip;]<\/p>\n","protected":false},"author":7508,"featured_media":25039,"comment_status":"closed","ping_status":"closed","sticky":false,"template":"","format":"standard","meta":{"_acf_changed":false,"_monsterinsights_skip_tracking":false,"_monsterinsights_sitenote_active":false,"_monsterinsights_sitenote_note":"","_monsterinsights_sitenote_category":0,"footnotes":""},"categories":[70,133,188],"tags":[],"class_list":["post-24994","post","type-post","status-publish","format-standard","has-post-thumbnail","hentry","category-candidats","category-laureats","category-prix-de-lausanne-2019"],"acf":[],"_links":{"self":[{"href":"https:\/\/www.prixdelausanne.org\/fr\/wp-json\/wp\/v2\/posts\/24994","targetHints":{"allow":["GET"]}}],"collection":[{"href":"https:\/\/www.prixdelausanne.org\/fr\/wp-json\/wp\/v2\/posts"}],"about":[{"href":"https:\/\/www.prixdelausanne.org\/fr\/wp-json\/wp\/v2\/types\/post"}],"author":[{"embeddable":true,"href":"https:\/\/www.prixdelausanne.org\/fr\/wp-json\/wp\/v2\/users\/7508"}],"replies":[{"embeddable":true,"href":"https:\/\/www.prixdelausanne.org\/fr\/wp-json\/wp\/v2\/comments?post=24994"}],"version-history":[{"count":0,"href":"https:\/\/www.prixdelausanne.org\/fr\/wp-json\/wp\/v2\/posts\/24994\/revisions"}],"wp:featuredmedia":[{"embeddable":true,"href":"https:\/\/www.prixdelausanne.org\/fr\/wp-json\/wp\/v2\/media\/25039"}],"wp:attachment":[{"href":"https:\/\/www.prixdelausanne.org\/fr\/wp-json\/wp\/v2\/media?parent=24994"}],"wp:term":[{"taxonomy":"category","embeddable":true,"href":"https:\/\/www.prixdelausanne.org\/fr\/wp-json\/wp\/v2\/categories?post=24994"},{"taxonomy":"post_tag","embeddable":true,"href":"https:\/\/www.prixdelausanne.org\/fr\/wp-json\/wp\/v2\/tags?post=24994"}],"curies":[{"name":"wp","href":"https:\/\/api.w.org\/{rel}","templated":true}]}}