 {"id":14829,"date":"2016-12-02T14:35:41","date_gmt":"2016-12-02T13:35:41","guid":{"rendered":"http:\/\/www.prixdelausanne.org\/fr\/?p=14829"},"modified":"2021-04-13T14:43:55","modified_gmt":"2021-04-13T12:43:55","slug":"les-amis-du-prix-de-lausanne-visitent-munich","status":"publish","type":"post","link":"https:\/\/www.prixdelausanne.org\/fr\/les-amis-du-prix-de-lausanne-visitent-munich\/","title":{"rendered":"Les Amis du Prix de Lausanne visitent Munich !"},"content":{"rendered":"<div class=\"the-content\"><div id=\"attachment_14814\" style=\"width: 310px\" class=\"wp-caption aligncenter\"><a href=\"https:\/\/www.prixdelausanne.org\/wp-content\/uploads\/2016\/12\/file-1.jpeg\" class=\"fresco\" data-fresco-caption=\"\" data-fresco-options=\"thumbnails:false\" data-wpel-link=\"external\" target=\"_blank\" rel=\"nofollow external noopener noreferrer\"><img decoding=\"async\" aria-describedby=\"caption-attachment-14814\" class=\"wp-image-14814 size-medium\" src=\"https:\/\/www.prixdelausanne.org\/wp-content\/uploads\/2016\/12\/file-1-300x225.jpeg\" alt=\"Boys morning class Ballett-Akademie Munchen\" width=\"300\" height=\"225\" srcset=\"https:\/\/www.prixdelausanne.org\/wp-content\/uploads\/2016\/12\/file-1-300x225.jpeg 300w, https:\/\/www.prixdelausanne.org\/wp-content\/uploads\/2016\/12\/file-1-800x600.jpeg 800w, https:\/\/www.prixdelausanne.org\/wp-content\/uploads\/2016\/12\/file-1-1024x768.jpeg 1024w, https:\/\/www.prixdelausanne.org\/wp-content\/uploads\/2016\/12\/file-1-1707x1280.jpeg 1707w, https:\/\/www.prixdelausanne.org\/wp-content\/uploads\/2016\/12\/file-1-1536x1152.jpeg 1536w, https:\/\/www.prixdelausanne.org\/wp-content\/uploads\/2016\/12\/file-1-2048x1536.jpeg 2048w\" sizes=\"(max-width: 300px) 100vw, 300px\" loading=\"lazy\" \/><\/a><p id=\"caption-attachment-14814\" class=\"wp-caption-text\">Classe du matin pour les gar\u00e7ons\u00a0de la Ballett-Akademie M\u00fcnchen<\/p><\/div>\n<p>Un groupe d&#8217;une dizaine de\u00a0membres du Cercle des Amis du Prix de Lausanne\u00a0a\u00a0fait le voyage jusqu&#8217;\u00e0 Munich mercredi pour rencontrer des partenaires du Prix. Ils ont \u00e9t\u00e9 chaleureusement accueillis par la Ballet-Akademie (<a href=\"http:\/\/website.musikhochschule-muenchen.de\/de\/index.php?option=com_content&amp;task=view&amp;id=65&amp;Itemid=548\" target=\"_blank\" rel=\"noopener nofollow external noreferrer\" data-wpel-link=\"external\">Hochschule f\u00fcr Musik und Theater\u00a0M\u00fcnchen<\/a>) et par le\u00a0<a href=\"https:\/\/www.staatsoper.de\/en\/staatsballett.html\" target=\"_blank\" rel=\"noopener nofollow external noreferrer\" data-wpel-link=\"external\">Bayerisches\u00a0Staatsballett<\/a>\u00a0au Bayerische\u00a0<a href=\"https:\/\/www.staatsoper.de\/index.html\" target=\"_blank\" rel=\"noopener nofollow external noreferrer\" data-wpel-link=\"external\">Staatsoper<\/a>.<\/p>\n<div id=\"attachment_14815\" style=\"width: 235px\" class=\"wp-caption aligncenter\"><a href=\"https:\/\/www.prixdelausanne.org\/wp-content\/uploads\/2016\/12\/file-2.jpeg\" class=\"fresco\" data-fresco-caption=\"\" data-fresco-options=\"thumbnails:false\" data-wpel-link=\"external\" target=\"_blank\" rel=\"nofollow external noopener noreferrer\"><img decoding=\"async\" aria-describedby=\"caption-attachment-14815\" class=\"size-medium wp-image-14815\" src=\"https:\/\/www.prixdelausanne.org\/wp-content\/uploads\/2016\/12\/file-2-225x300.jpeg\" alt=\"Girls morning class Ballett-Akademie Munchen and the Friends\" width=\"225\" height=\"300\" srcset=\"https:\/\/www.prixdelausanne.org\/wp-content\/uploads\/2016\/12\/file-2-225x300.jpeg 225w, https:\/\/www.prixdelausanne.org\/wp-content\/uploads\/2016\/12\/file-2-800x1067.jpeg 800w, https:\/\/www.prixdelausanne.org\/wp-content\/uploads\/2016\/12\/file-2-768x1024.jpeg 768w, https:\/\/www.prixdelausanne.org\/wp-content\/uploads\/2016\/12\/file-2-960x1280.jpeg 960w, https:\/\/www.prixdelausanne.org\/wp-content\/uploads\/2016\/12\/file-2-1152x1536.jpeg 1152w, https:\/\/www.prixdelausanne.org\/wp-content\/uploads\/2016\/12\/file-2.jpeg 1200w\" sizes=\"(max-width: 225px) 100vw, 225px\" loading=\"lazy\" \/><\/a><p id=\"caption-attachment-14815\" class=\"wp-caption-text\">Classe du matin pour les filles de la\u00a0\u00a0Ballett-Akademie M\u00fcnchen, en pr\u00e9sence des Amis<\/p><\/div>\n<p>Durant la matin\u00e9e, le groupe a rencontr\u00e9\u00a0<a href=\"https:\/\/www.prixdelausanne.org\/spotlight\/jan-broeckx\/\" target=\"_blank\" rel=\"noopener nofollow external noreferrer\" data-wpel-link=\"external\">Jan Broeckx<\/a>\u00a0(Directeur de la\u00a0Ballett-Akademie) pour une visite guid\u00e9e de l&#8217;\u00e9cole, puis a pu assister au cours du matin pour les gar\u00e7ons du Bachelor 3 (17-18 ans), donn\u00e9 par le Directeur lui-m\u00eame!<\/p>\n<div id=\"attachment_14818\" style=\"width: 310px\" class=\"wp-caption aligncenter\"><a href=\"https:\/\/www.prixdelausanne.org\/wp-content\/uploads\/2016\/12\/file2-1.jpeg\" class=\"fresco\" data-fresco-caption=\"\" data-fresco-options=\"thumbnails:false\" data-wpel-link=\"external\" target=\"_blank\" rel=\"nofollow external noopener noreferrer\"><img decoding=\"async\" aria-describedby=\"caption-attachment-14818\" class=\"size-medium wp-image-14818\" src=\"https:\/\/www.prixdelausanne.org\/wp-content\/uploads\/2016\/12\/file2-1-300x225.jpeg\" alt=\"The Friends at Ballett-Akademie Munchen with Jan Broeckx\" width=\"300\" height=\"225\" srcset=\"https:\/\/www.prixdelausanne.org\/wp-content\/uploads\/2016\/12\/file2-1-300x225.jpeg 300w, https:\/\/www.prixdelausanne.org\/wp-content\/uploads\/2016\/12\/file2-1-800x600.jpeg 800w, https:\/\/www.prixdelausanne.org\/wp-content\/uploads\/2016\/12\/file2-1-1024x768.jpeg 1024w, https:\/\/www.prixdelausanne.org\/wp-content\/uploads\/2016\/12\/file2-1-1536x1152.jpeg 1536w, https:\/\/www.prixdelausanne.org\/wp-content\/uploads\/2016\/12\/file2-1.jpeg 1600w\" sizes=\"(max-width: 300px) 100vw, 300px\" loading=\"lazy\" \/><\/a><p id=\"caption-attachment-14818\" class=\"wp-caption-text\">Les Amis \u00e0 la\u00a0Ballett-Akademie M\u00fcnchen avec\u00a0Jan Broeckx<\/p><\/div>\n<p>Durant l&#8217;apr\u00e8s-midi, les Amis se sont rendus au\u00a0Staatsoper pour assister \u00e0 une r\u00e9p\u00e9tition du corps de ballet masculin pour leur prochaine production :\u00a0<a href=\"https:\/\/www.staatsoper.de\/en\/productioninfo\/spartacus\/2016-12-22-19-00.html#mediaCenter\" target=\"_blank\" rel=\"noopener nofollow external noreferrer\" data-wpel-link=\"external\">&#8220;Spartacus&#8221;<\/a>!\u00a0\u00a0La r\u00e9p\u00e9tition \u00e9tait dirig\u00e9e par\u00a0<a href=\"https:\/\/www.staatsoper.de\/en\/biographies\/detail-page\/zelensky-igor.html\" target=\"_blank\" rel=\"noopener nofollow external noreferrer\" data-wpel-link=\"external\">Igor\u00a0Zelensky<\/a>, Directeur du\u00a0Bayerisches\u00a0Staatsballett.<\/p>\n<p>Pendant la r\u00e9p\u00e9tition, les Amis ont pu prendre des nouvelles du Laur\u00e9at du Prix de Lausanne 2013 <a href=\"https:\/\/www.staatsoper.de\/en\/biographies\/detail-page\/li-wentao.html\" target=\"_blank\" rel=\"noopener nofollow external noreferrer\" data-wpel-link=\"external\">Wentao Li<\/a>! Le jeune danseur avait gagn\u00e9 une bourse d&#8217;apprentissage d&#8217;une ann\u00e9e, gr\u00e2ce \u00e0\u00a0laquelle il avait choisi d&#8217;int\u00e9grer la\u00a0Dutch National Ballet\u00a0Junior Company. Il a ensuite \u00e9t\u00e9 engag\u00e9 par la compagnie principale du\u00a0Dutch National Ballet, avant de rejoindre le Bayerisches Staatsballett comme soliste en septembre 2016.<\/p>\n<div id=\"attachment_14776\" style=\"width: 310px\" class=\"wp-caption aligncenter\"><a href=\"https:\/\/www.prixdelausanne.org\/wp-content\/uploads\/2016\/11\/Friends_Munich.jpg\" class=\"fresco\" data-fresco-caption=\"\" data-fresco-options=\"thumbnails:false\" data-wpel-link=\"external\" target=\"_blank\" rel=\"nofollow external noopener noreferrer\"><img decoding=\"async\" aria-describedby=\"caption-attachment-14776\" class=\"size-medium wp-image-14776\" src=\"https:\/\/www.prixdelausanne.org\/wp-content\/uploads\/2016\/11\/Friends_Munich-300x225.jpg\" alt=\"Friends with Wentao Li - Munich\" width=\"300\" height=\"225\" srcset=\"https:\/\/www.prixdelausanne.org\/wp-content\/uploads\/2016\/11\/Friends_Munich-300x225.jpg 300w, https:\/\/www.prixdelausanne.org\/wp-content\/uploads\/2016\/11\/Friends_Munich-800x600.jpg 800w, https:\/\/www.prixdelausanne.org\/wp-content\/uploads\/2016\/11\/Friends_Munich-1024x768.jpg 1024w, https:\/\/www.prixdelausanne.org\/wp-content\/uploads\/2016\/11\/Friends_Munich-1536x1152.jpg 1536w, https:\/\/www.prixdelausanne.org\/wp-content\/uploads\/2016\/11\/Friends_Munich.jpg 1600w\" sizes=\"(max-width: 300px) 100vw, 300px\" loading=\"lazy\" \/><\/a><p id=\"caption-attachment-14776\" class=\"wp-caption-text\">Friends with Wentao Li &#8211; Munich<\/p><\/div>\n<\/div>","protected":false},"excerpt":{"rendered":"<p>Un groupe d&#8217;une dizaine de\u00a0membres du Cercle des Amis du Prix de Lausanne\u00a0a\u00a0fait le voyage jusqu&#8217;\u00e0 Munich mercredi pour rencontrer des partenaires du Prix. Ils ont \u00e9t\u00e9 chaleureusement accueillis par la Ballet-Akademie (Hochschule f\u00fcr Musik und Theater\u00a0M\u00fcnchen) et par le\u00a0Bayerisches\u00a0Staatsballett\u00a0au Bayerische\u00a0Staatsoper. Durant la matin\u00e9e, le groupe a rencontr\u00e9\u00a0Jan Broeckx\u00a0(Directeur de la\u00a0Ballett-Akademie) pour une visite guid\u00e9e [&hellip;]<\/p>\n","protected":false},"author":7512,"featured_media":14816,"comment_status":"closed","ping_status":"closed","sticky":false,"template":"","format":"standard","meta":{"_acf_changed":false,"_monsterinsights_skip_tracking":false,"_monsterinsights_sitenote_active":false,"_monsterinsights_sitenote_note":"","_monsterinsights_sitenote_category":0,"footnotes":""},"categories":[68,133,164,163],"tags":[],"class_list":["post-14829","post","type-post","status-publish","format-standard","has-post-thumbnail","hentry","category-evenement","category-laureats","category-partners-fr","category-partnership-fr"],"acf":[],"_links":{"self":[{"href":"https:\/\/www.prixdelausanne.org\/fr\/wp-json\/wp\/v2\/posts\/14829","targetHints":{"allow":["GET"]}}],"collection":[{"href":"https:\/\/www.prixdelausanne.org\/fr\/wp-json\/wp\/v2\/posts"}],"about":[{"href":"https:\/\/www.prixdelausanne.org\/fr\/wp-json\/wp\/v2\/types\/post"}],"author":[{"embeddable":true,"href":"https:\/\/www.prixdelausanne.org\/fr\/wp-json\/wp\/v2\/users\/7512"}],"replies":[{"embeddable":true,"href":"https:\/\/www.prixdelausanne.org\/fr\/wp-json\/wp\/v2\/comments?post=14829"}],"version-history":[{"count":0,"href":"https:\/\/www.prixdelausanne.org\/fr\/wp-json\/wp\/v2\/posts\/14829\/revisions"}],"wp:featuredmedia":[{"embeddable":true,"href":"https:\/\/www.prixdelausanne.org\/fr\/wp-json\/wp\/v2\/media\/14816"}],"wp:attachment":[{"href":"https:\/\/www.prixdelausanne.org\/fr\/wp-json\/wp\/v2\/media?parent=14829"}],"wp:term":[{"taxonomy":"category","embeddable":true,"href":"https:\/\/www.prixdelausanne.org\/fr\/wp-json\/wp\/v2\/categories?post=14829"},{"taxonomy":"post_tag","embeddable":true,"href":"https:\/\/www.prixdelausanne.org\/fr\/wp-json\/wp\/v2\/tags?post=14829"}],"curies":[{"name":"wp","href":"https:\/\/api.w.org\/{rel}","templated":true}]}}