 {"id":14134,"date":"2016-10-20T17:23:12","date_gmt":"2016-10-20T15:23:12","guid":{"rendered":"http:\/\/www.prixdelausanne.org\/fr\/?p=14134"},"modified":"2016-10-20T17:33:53","modified_gmt":"2016-10-20T15:33:53","slug":"record-de-participation-pour-la-45e-edition-du-prix-de-lausanne","status":"publish","type":"post","link":"https:\/\/www.prixdelausanne.org\/fr\/record-de-participation-pour-la-45e-edition-du-prix-de-lausanne\/","title":{"rendered":"Record de participation pour la 45e \u00e9dition du Prix de Lausanne"},"content":{"rendered":"<div class=\"the-content\"><p>Nous sommes heureux d&#8217;annoncer que\u00a0388 candidats ont postul\u00e9 pour cette nouvelle \u00e9dition du\u00a0Prix de Lausanne. C&#8217;est une croissance de\u00a015% par rapport \u00e0 l&#8217;an dernier\u00a0et un record de participation pour la comp\u00e9tition\u00a0!<\/p>\n<div id=\"attachment_14126\" style=\"width: 310px\" class=\"wp-caption alignleft\"><a href=\"https:\/\/www.prixdelausanne.org\/wp-content\/uploads\/2016\/10\/r-buas-1.jpg\" class=\"fresco\" data-fresco-caption=\"\" data-fresco-options=\"thumbnails:false\" data-wpel-link=\"external\" target=\"_blank\" rel=\"nofollow external noopener noreferrer\"><img decoding=\"async\" aria-describedby=\"caption-attachment-14126\" class=\"size-medium wp-image-14126\" src=\"https:\/\/www.prixdelausanne.org\/wp-content\/uploads\/2016\/10\/r-buas-1-300x200.jpg\" alt=\"Prix 2016 - Girls candidates \u00a9Rodrigo Buas\" width=\"300\" height=\"200\" srcset=\"https:\/\/www.prixdelausanne.org\/wp-content\/uploads\/2016\/10\/r-buas-1-300x200.jpg 300w, https:\/\/www.prixdelausanne.org\/wp-content\/uploads\/2016\/10\/r-buas-1-800x533.jpg 800w, https:\/\/www.prixdelausanne.org\/wp-content\/uploads\/2016\/10\/r-buas-1-1024x683.jpg 1024w, https:\/\/www.prixdelausanne.org\/wp-content\/uploads\/2016\/10\/r-buas-1-1920x1280.jpg 1920w, https:\/\/www.prixdelausanne.org\/wp-content\/uploads\/2016\/10\/r-buas-1-1536x1024.jpg 1536w, https:\/\/www.prixdelausanne.org\/wp-content\/uploads\/2016\/10\/r-buas-1-2048x1366.jpg 2048w, https:\/\/www.prixdelausanne.org\/wp-content\/uploads\/2016\/10\/r-buas-1-900x600.jpg 900w, https:\/\/www.prixdelausanne.org\/wp-content\/uploads\/2016\/10\/r-buas-1-440x293.jpg 440w, https:\/\/www.prixdelausanne.org\/wp-content\/uploads\/2016\/10\/r-buas-1-1200x800.jpg 1200w\" sizes=\"(max-width: 300px) 100vw, 300px\" loading=\"lazy\" \/><\/a><p id=\"caption-attachment-14126\" class=\"wp-caption-text\">Prix 2016 &#8211; Line of girl candidates \u00a9Rodrigo Buas<\/p><\/div>\n<p>Ce sont 244 filles\u00a0et 94 gar\u00e7ons\u00a0des quatre coins du monde\u00a0(37 pays diff\u00e9rents)\u00a0qui\u00a0ont tent\u00e9 leur chance\u00a0pour la premi\u00e8re \u00e9tape du concours\u00a0: les s\u00e9lections vid\u00e9os.<\/p>\n<p>Le pays le plus repr\u00e9sent\u00e9 est le\u00a0Japon avec\u00a089 dossiers, puis vient l&#8217;Australie avec\u00a048 inscrits et enfin\u00a0les Etats-Unis avec\u00a045. Nous sommes heureux d&#8217;avoir re\u00e7u nos premiers dossiers venant d&#8217;Iran et de Mongolie\u00a0!<\/p>\n<p>&nbsp;<\/p>\n<p>Merci et bonne chance \u00e0 tous les jeunes danseurs\u00a0!<\/p>\n<p>Les r\u00e9sultats seront annonc\u00e9s au d\u00e9but du mois de novembre.<\/p>\n<p>Restez connect\u00e9s pour en savoir plus\u00a0!<\/p>\n<\/div>","protected":false},"excerpt":{"rendered":"<p>Nous sommes heureux d&#8217;annoncer que\u00a0388 candidats ont postul\u00e9 pour cette nouvelle \u00e9dition du\u00a0Prix de Lausanne. C&#8217;est une croissance de\u00a015% par rapport \u00e0 l&#8217;an dernier\u00a0et un record de participation pour la comp\u00e9tition\u00a0! Ce sont 244 filles\u00a0et 94 gar\u00e7ons\u00a0des quatre coins du monde\u00a0(37 pays diff\u00e9rents)\u00a0qui\u00a0ont tent\u00e9 leur chance\u00a0pour la premi\u00e8re \u00e9tape du concours\u00a0: les s\u00e9lections vid\u00e9os. Le [&hellip;]<\/p>\n","protected":false},"author":7512,"featured_media":14126,"comment_status":"closed","ping_status":"closed","sticky":false,"template":"","format":"standard","meta":{"_acf_changed":false,"_monsterinsights_skip_tracking":false,"_monsterinsights_sitenote_active":false,"_monsterinsights_sitenote_note":"","_monsterinsights_sitenote_category":0,"footnotes":""},"categories":[70,179],"tags":[],"class_list":["post-14134","post","type-post","status-publish","format-standard","has-post-thumbnail","hentry","category-candidats","category-prix-de-lausanne-2017"],"acf":[],"_links":{"self":[{"href":"https:\/\/www.prixdelausanne.org\/fr\/wp-json\/wp\/v2\/posts\/14134","targetHints":{"allow":["GET"]}}],"collection":[{"href":"https:\/\/www.prixdelausanne.org\/fr\/wp-json\/wp\/v2\/posts"}],"about":[{"href":"https:\/\/www.prixdelausanne.org\/fr\/wp-json\/wp\/v2\/types\/post"}],"author":[{"embeddable":true,"href":"https:\/\/www.prixdelausanne.org\/fr\/wp-json\/wp\/v2\/users\/7512"}],"replies":[{"embeddable":true,"href":"https:\/\/www.prixdelausanne.org\/fr\/wp-json\/wp\/v2\/comments?post=14134"}],"version-history":[{"count":0,"href":"https:\/\/www.prixdelausanne.org\/fr\/wp-json\/wp\/v2\/posts\/14134\/revisions"}],"wp:featuredmedia":[{"embeddable":true,"href":"https:\/\/www.prixdelausanne.org\/fr\/wp-json\/wp\/v2\/media\/14126"}],"wp:attachment":[{"href":"https:\/\/www.prixdelausanne.org\/fr\/wp-json\/wp\/v2\/media?parent=14134"}],"wp:term":[{"taxonomy":"category","embeddable":true,"href":"https:\/\/www.prixdelausanne.org\/fr\/wp-json\/wp\/v2\/categories?post=14134"},{"taxonomy":"post_tag","embeddable":true,"href":"https:\/\/www.prixdelausanne.org\/fr\/wp-json\/wp\/v2\/tags?post=14134"}],"curies":[{"name":"wp","href":"https:\/\/api.w.org\/{rel}","templated":true}]}}