 {"id":13836,"date":"2016-07-21T16:57:08","date_gmt":"2016-07-21T14:57:08","guid":{"rendered":"http:\/\/www.prixdelausanne.org\/fr\/?p=13836"},"modified":"2016-07-22T08:14:00","modified_gmt":"2016-07-22T06:14:00","slug":"2017-prix-de-lausanne-poster","status":"publish","type":"post","link":"https:\/\/www.prixdelausanne.org\/fr\/2017-prix-de-lausanne-poster\/","title":{"rendered":"2017 Prix de Lausanne posters"},"content":{"rendered":"<div class=\"the-content\"><p>Nous avons le plaisir de vous pr\u00e9senter les affiches du Prix de Lausanne 2017 cr\u00e9\u00e9es par notre graphiste <a href=\"http:\/\/www.loupdesign.com\" target=\"_blank\" data-wpel-link=\"external\" rel=\"nofollow external noopener noreferrer\">Philippe Loup<\/a>.<\/p>\n<p>Les inscriptions au concours 2017 seront ouvertes sur notre site internet du 1er au 30 septembre 2016. Toutes les informations utiles aux s\u00e9lections sont disponibles sur notre site internet.<\/p>\n<div id=\"attachment_13872\" style=\"width: 732px\" class=\"wp-caption alignleft\"><a href=\"https:\/\/www.prixdelausanne.org\/wp-content\/uploads\/2016\/07\/PDL_AFF_CLASSIC_2016.jpg\" class=\"fresco\" data-fresco-caption=\"\" data-fresco-options=\"thumbnails:false\" data-wpel-link=\"external\" target=\"_blank\" rel=\"nofollow external noopener noreferrer\"><img decoding=\"async\" aria-describedby=\"caption-attachment-13872\" class=\"wp-image-13872 size-large\" src=\"https:\/\/www.prixdelausanne.org\/wp-content\/uploads\/2016\/07\/PDL_AFF_CLASSIC_2016-722x1024.jpg\" alt=\"Mise en page 1\" width=\"722\" height=\"1024\" srcset=\"https:\/\/www.prixdelausanne.org\/wp-content\/uploads\/2016\/07\/PDL_AFF_CLASSIC_2016-722x1024.jpg 722w, https:\/\/www.prixdelausanne.org\/wp-content\/uploads\/2016\/07\/PDL_AFF_CLASSIC_2016-800x1135.jpg 800w, https:\/\/www.prixdelausanne.org\/wp-content\/uploads\/2016\/07\/PDL_AFF_CLASSIC_2016-211x300.jpg 211w, https:\/\/www.prixdelausanne.org\/wp-content\/uploads\/2016\/07\/PDL_AFF_CLASSIC_2016-902x1280.jpg 902w, https:\/\/www.prixdelausanne.org\/wp-content\/uploads\/2016\/07\/PDL_AFF_CLASSIC_2016-1083x1536.jpg 1083w, https:\/\/www.prixdelausanne.org\/wp-content\/uploads\/2016\/07\/PDL_AFF_CLASSIC_2016-1444x2048.jpg 1444w, https:\/\/www.prixdelausanne.org\/wp-content\/uploads\/2016\/07\/PDL_AFF_CLASSIC_2016.jpg 1748w\" sizes=\"(max-width: 722px) 100vw, 722px\" loading=\"lazy\" \/><\/a><p id=\"caption-attachment-13872\" class=\"wp-caption-text\">Photo: Gregory Batardon &#8211; Design + image manipulation: Loup Design &#8211; Danseuse: Margarida Canto e Castro, candidate Prix de Lausanne 2016 (Portugal), de la Tanz Akademie Zurich, Suisse<\/p><\/div>\n<p>&nbsp;<\/p>\n<div id=\"attachment_13873\" style=\"width: 732px\" class=\"wp-caption alignleft\"><a href=\"https:\/\/www.prixdelausanne.org\/wp-content\/uploads\/2016\/07\/PDL_AFF_CONTEMPORAIN_2016.jpg\" class=\"fresco\" data-fresco-caption=\"\" data-fresco-options=\"thumbnails:false\" data-wpel-link=\"external\" target=\"_blank\" rel=\"nofollow external noopener noreferrer\"><img decoding=\"async\" aria-describedby=\"caption-attachment-13873\" class=\"wp-image-13873 size-large\" src=\"https:\/\/www.prixdelausanne.org\/wp-content\/uploads\/2016\/07\/PDL_AFF_CONTEMPORAIN_2016-722x1024.jpg\" alt=\"Mise en page 1\" width=\"722\" height=\"1024\" srcset=\"https:\/\/www.prixdelausanne.org\/wp-content\/uploads\/2016\/07\/PDL_AFF_CONTEMPORAIN_2016-722x1024.jpg 722w, https:\/\/www.prixdelausanne.org\/wp-content\/uploads\/2016\/07\/PDL_AFF_CONTEMPORAIN_2016-800x1135.jpg 800w, https:\/\/www.prixdelausanne.org\/wp-content\/uploads\/2016\/07\/PDL_AFF_CONTEMPORAIN_2016-211x300.jpg 211w, https:\/\/www.prixdelausanne.org\/wp-content\/uploads\/2016\/07\/PDL_AFF_CONTEMPORAIN_2016-902x1280.jpg 902w, https:\/\/www.prixdelausanne.org\/wp-content\/uploads\/2016\/07\/PDL_AFF_CONTEMPORAIN_2016-1083x1536.jpg 1083w, https:\/\/www.prixdelausanne.org\/wp-content\/uploads\/2016\/07\/PDL_AFF_CONTEMPORAIN_2016-1444x2048.jpg 1444w, https:\/\/www.prixdelausanne.org\/wp-content\/uploads\/2016\/07\/PDL_AFF_CONTEMPORAIN_2016.jpg 1748w\" sizes=\"(max-width: 722px) 100vw, 722px\" loading=\"lazy\" \/><\/a><p id=\"caption-attachment-13873\" class=\"wp-caption-text\">Photo: Gregory Batardon &#8211; Design + image manipulation: Loup Design &#8211; Danseur: Leroy Mokgatle, laur\u00e9at Prix de Lausanne 2016 (Afrique du Sud), de l&#8217;\u00e9cole de danse Art of Motion, Afrique du Sud<\/p><\/div>\n<p>&nbsp;<\/p>\n<\/div>","protected":false},"excerpt":{"rendered":"<p>Nous avons le plaisir de vous pr\u00e9senter les affiches du Prix de Lausanne 2017 cr\u00e9\u00e9es par notre graphiste Philippe Loup. Les inscriptions au concours 2017 seront ouvertes sur notre site internet du 1er au 30 septembre 2016. Toutes les informations utiles aux s\u00e9lections sont disponibles sur notre site internet. &nbsp; &nbsp;<\/p>\n","protected":false},"author":7512,"featured_media":13872,"comment_status":"closed","ping_status":"closed","sticky":false,"template":"","format":"standard","meta":{"_acf_changed":false,"_monsterinsights_skip_tracking":false,"_monsterinsights_sitenote_active":false,"_monsterinsights_sitenote_note":"","_monsterinsights_sitenote_category":0,"footnotes":""},"categories":[174],"tags":[],"class_list":["post-13836","post","type-post","status-publish","format-standard","has-post-thumbnail","hentry","category-prix-de-lausanne-2016"],"acf":[],"_links":{"self":[{"href":"https:\/\/www.prixdelausanne.org\/fr\/wp-json\/wp\/v2\/posts\/13836","targetHints":{"allow":["GET"]}}],"collection":[{"href":"https:\/\/www.prixdelausanne.org\/fr\/wp-json\/wp\/v2\/posts"}],"about":[{"href":"https:\/\/www.prixdelausanne.org\/fr\/wp-json\/wp\/v2\/types\/post"}],"author":[{"embeddable":true,"href":"https:\/\/www.prixdelausanne.org\/fr\/wp-json\/wp\/v2\/users\/7512"}],"replies":[{"embeddable":true,"href":"https:\/\/www.prixdelausanne.org\/fr\/wp-json\/wp\/v2\/comments?post=13836"}],"version-history":[{"count":0,"href":"https:\/\/www.prixdelausanne.org\/fr\/wp-json\/wp\/v2\/posts\/13836\/revisions"}],"wp:featuredmedia":[{"embeddable":true,"href":"https:\/\/www.prixdelausanne.org\/fr\/wp-json\/wp\/v2\/media\/13872"}],"wp:attachment":[{"href":"https:\/\/www.prixdelausanne.org\/fr\/wp-json\/wp\/v2\/media?parent=13836"}],"wp:term":[{"taxonomy":"category","embeddable":true,"href":"https:\/\/www.prixdelausanne.org\/fr\/wp-json\/wp\/v2\/categories?post=13836"},{"taxonomy":"post_tag","embeddable":true,"href":"https:\/\/www.prixdelausanne.org\/fr\/wp-json\/wp\/v2\/tags?post=13836"}],"curies":[{"name":"wp","href":"https:\/\/api.w.org\/{rel}","templated":true}]}}