 {"id":12393,"date":"2015-12-15T12:06:58","date_gmt":"2015-12-15T11:06:58","guid":{"rendered":"http:\/\/www.prixdelausanne.org\/fr\/?p=12393"},"modified":"2016-03-20T16:55:45","modified_gmt":"2016-03-20T15:55:45","slug":"les-rendez-vous-du-prix-2016","status":"publish","type":"post","link":"https:\/\/www.prixdelausanne.org\/fr\/les-rendez-vous-du-prix-2016\/","title":{"rendered":"Les Rendez-vous du Prix 2016"},"content":{"rendered":"<div class=\"the-content\"><p>Nous avons le plaisir de vous convier aux conf\u00e9rences du Prix de Lausanne 2016 (entr\u00e9e libre). Rendez-vous au foyer du Th\u00e9\u00e2tre de Beaulieu pour rencontrer les Etoiles du Prix de Lausanne:<\/p>\n<p><strong><span style=\"color: #19a2c6;\">M<strong>ardi 2 f\u00e9vrier: 18h<\/strong><\/span> <\/strong><\/p>\n<p><a href=\"https:\/\/www.prixdelausanne.org\/wp-content\/uploads\/2015\/11\/Nikolai_web.jpg\" class=\"fresco\" data-fresco-caption=\"\" data-fresco-options=\"thumbnails:false\" data-wpel-link=\"external\" target=\"_blank\" rel=\"nofollow external noopener noreferrer\"><img decoding=\"async\" class=\"alignnone size-thumbnail wp-image-12210\" src=\"https:\/\/www.prixdelausanne.org\/wp-content\/uploads\/2015\/11\/Nikolai_web-150x150.jpg\" alt=\"Nikolai_web\" width=\"150\" height=\"150\" srcset=\"https:\/\/www.prixdelausanne.org\/wp-content\/uploads\/2015\/11\/Nikolai_web-150x150.jpg 150w, https:\/\/www.prixdelausanne.org\/wp-content\/uploads\/2015\/11\/Nikolai_web-100x100.jpg 100w\" sizes=\"(max-width: 150px) 100vw, 150px\" loading=\"lazy\" \/><\/a><\/p>\n<p><strong>Nikolai Tsiskaridze, <\/strong>Directeur de l&#8217;acad\u00e9mie de danse Vaganova, Danseur \u00e9toile du ballet du Bolshoi<strong><br \/>\n<\/strong><\/p>\n<p><strong><span style=\"color: #19a2c6;\">Mercredi 3 f\u00e9vrier: 16h<\/span> <\/strong><\/p>\n<p><a href=\"https:\/\/www.prixdelausanne.org\/wp-content\/uploads\/2015\/12\/VivianaDurante.jpg\" class=\"fresco\" data-fresco-caption=\"\" data-fresco-options=\"thumbnails:false\" data-wpel-link=\"external\" target=\"_blank\" rel=\"nofollow external noopener noreferrer\"><img decoding=\"async\" class=\"alignnone wp-image-12382 size-thumbnail\" src=\"https:\/\/www.prixdelausanne.org\/wp-content\/uploads\/2015\/12\/VivianaDurante-150x150.jpg\" alt=\"VivianaDurante\" width=\"150\" height=\"150\" srcset=\"https:\/\/www.prixdelausanne.org\/wp-content\/uploads\/2015\/12\/VivianaDurante-150x150.jpg 150w, https:\/\/www.prixdelausanne.org\/wp-content\/uploads\/2015\/12\/VivianaDurante-800x800.jpg 800w, https:\/\/www.prixdelausanne.org\/wp-content\/uploads\/2015\/12\/VivianaDurante-100x100.jpg 100w, https:\/\/www.prixdelausanne.org\/wp-content\/uploads\/2015\/12\/VivianaDurante-578x578.jpg 578w, https:\/\/www.prixdelausanne.org\/wp-content\/uploads\/2015\/12\/VivianaDurante-306x306.jpg 306w\" sizes=\"(max-width: 150px) 100vw, 150px\" loading=\"lazy\" \/><\/a><\/p>\n<p><strong>Viviana Durante<\/strong>, Danseuse \u00e9toile du Royal Ballet &#8211; <span style=\"color: #19a2c6;\">Laur\u00e9ate du <\/span><span style=\"color: #19a2c6;\">Prix de Lausanne 1984<\/span><\/p>\n<p><span style=\"color: #19a2c6;\"><strong>Jeudi 4 f\u00e9vrier: 17h<br \/>\n<\/strong><\/span><\/p>\n<p><a href=\"https:\/\/www.prixdelausanne.org\/wp-content\/uploads\/2015\/12\/Diana-Vishneva_web.png\" class=\"fresco\" data-fresco-caption=\"\" data-fresco-options=\"thumbnails:false\" data-wpel-link=\"external\" target=\"_blank\" rel=\"nofollow external noopener noreferrer\"><img decoding=\"async\" class=\"alignnone wp-image-12359 size-thumbnail\" src=\"https:\/\/www.prixdelausanne.org\/wp-content\/uploads\/2015\/12\/Diana-Vishneva_web-150x150.png\" alt=\"Diana Vishneva\" width=\"150\" height=\"150\" srcset=\"https:\/\/www.prixdelausanne.org\/wp-content\/uploads\/2015\/12\/Diana-Vishneva_web-150x150.png 150w, https:\/\/www.prixdelausanne.org\/wp-content\/uploads\/2015\/12\/Diana-Vishneva_web-800x800.png 800w, https:\/\/www.prixdelausanne.org\/wp-content\/uploads\/2015\/12\/Diana-Vishneva_web-100x100.png 100w, https:\/\/www.prixdelausanne.org\/wp-content\/uploads\/2015\/12\/Diana-Vishneva_web-578x578.png 578w, https:\/\/www.prixdelausanne.org\/wp-content\/uploads\/2015\/12\/Diana-Vishneva_web-306x306.png 306w\" sizes=\"(max-width: 150px) 100vw, 150px\" loading=\"lazy\" \/><\/a><\/p>\n<p><strong>Diana Vishneva<\/strong>, Danseuse \u00e9toile du ballet du Mariinsky et de l&#8217;American Ballet Theater &#8211; <span style=\"color: #19a2c6;\">Laur\u00e9ate du Prix de Lausanne 1994<br \/>\n<\/span><\/p>\n<p><a href=\"https:\/\/www.prixdelausanne.org\/wp-content\/uploads\/2015\/11\/MarceloGomes_color_cJadeYoung.png\" class=\"fresco\" data-fresco-caption=\"\" data-fresco-options=\"thumbnails:false\" data-wpel-link=\"external\" target=\"_blank\" rel=\"nofollow external noopener noreferrer\"><img decoding=\"async\" class=\"alignnone size-thumbnail wp-image-12193\" src=\"https:\/\/www.prixdelausanne.org\/wp-content\/uploads\/2015\/11\/MarceloGomes_color_cJadeYoung-150x150.png\" alt=\"MarceloGomes_color_(c)JadeYoung\" width=\"150\" height=\"150\" srcset=\"https:\/\/www.prixdelausanne.org\/wp-content\/uploads\/2015\/11\/MarceloGomes_color_cJadeYoung-150x150.png 150w, https:\/\/www.prixdelausanne.org\/wp-content\/uploads\/2015\/11\/MarceloGomes_color_cJadeYoung-800x800.png 800w, https:\/\/www.prixdelausanne.org\/wp-content\/uploads\/2015\/11\/MarceloGomes_color_cJadeYoung-100x100.png 100w, https:\/\/www.prixdelausanne.org\/wp-content\/uploads\/2015\/11\/MarceloGomes_color_cJadeYoung-578x578.png 578w, https:\/\/www.prixdelausanne.org\/wp-content\/uploads\/2015\/11\/MarceloGomes_color_cJadeYoung-801x800.png 801w, https:\/\/www.prixdelausanne.org\/wp-content\/uploads\/2015\/11\/MarceloGomes_color_cJadeYoung-306x306.png 306w\" sizes=\"(max-width: 150px) 100vw, 150px\" loading=\"lazy\" \/><\/a><\/p>\n<p><strong>Marcelo Gomes<\/strong>, Danseur \u00e9toile de l&#8217;American Ballet Theater &#8211; <span style=\"color: #19a2c6;\">Laur\u00e9at du <\/span><span style=\"color: #19a2c6;\">Prix de Lausanne 1996<br \/>\n<\/span><\/p>\n<\/div>","protected":false},"excerpt":{"rendered":"<p>Nous avons le plaisir de vous convier aux conf\u00e9rences du Prix de Lausanne 2016 (entr\u00e9e libre). Rendez-vous au foyer du Th\u00e9\u00e2tre de Beaulieu pour rencontrer les Etoiles du Prix de Lausanne: Mardi 2 f\u00e9vrier: 18h Nikolai Tsiskaridze, Directeur de l&#8217;acad\u00e9mie de danse Vaganova, Danseur \u00e9toile du ballet du Bolshoi Mercredi 3 f\u00e9vrier: 16h Viviana Durante, [&hellip;]<\/p>\n","protected":false},"author":7512,"featured_media":12484,"comment_status":"closed","ping_status":"closed","sticky":false,"template":"","format":"standard","meta":{"_acf_changed":false,"_monsterinsights_skip_tracking":false,"_monsterinsights_sitenote_active":false,"_monsterinsights_sitenote_note":"","_monsterinsights_sitenote_category":0,"footnotes":""},"categories":[68,126,174],"tags":[],"class_list":["post-12393","post","type-post","status-publish","format-standard","has-post-thumbnail","hentry","category-evenement","category-jury-fr","category-prix-de-lausanne-2016"],"acf":[],"_links":{"self":[{"href":"https:\/\/www.prixdelausanne.org\/fr\/wp-json\/wp\/v2\/posts\/12393","targetHints":{"allow":["GET"]}}],"collection":[{"href":"https:\/\/www.prixdelausanne.org\/fr\/wp-json\/wp\/v2\/posts"}],"about":[{"href":"https:\/\/www.prixdelausanne.org\/fr\/wp-json\/wp\/v2\/types\/post"}],"author":[{"embeddable":true,"href":"https:\/\/www.prixdelausanne.org\/fr\/wp-json\/wp\/v2\/users\/7512"}],"replies":[{"embeddable":true,"href":"https:\/\/www.prixdelausanne.org\/fr\/wp-json\/wp\/v2\/comments?post=12393"}],"version-history":[{"count":0,"href":"https:\/\/www.prixdelausanne.org\/fr\/wp-json\/wp\/v2\/posts\/12393\/revisions"}],"wp:featuredmedia":[{"embeddable":true,"href":"https:\/\/www.prixdelausanne.org\/fr\/wp-json\/wp\/v2\/media\/12484"}],"wp:attachment":[{"href":"https:\/\/www.prixdelausanne.org\/fr\/wp-json\/wp\/v2\/media?parent=12393"}],"wp:term":[{"taxonomy":"category","embeddable":true,"href":"https:\/\/www.prixdelausanne.org\/fr\/wp-json\/wp\/v2\/categories?post=12393"},{"taxonomy":"post_tag","embeddable":true,"href":"https:\/\/www.prixdelausanne.org\/fr\/wp-json\/wp\/v2\/tags?post=12393"}],"curies":[{"name":"wp","href":"https:\/\/api.w.org\/{rel}","templated":true}]}}